{"id":4624,"date":"2023-06-15T09:46:56","date_gmt":"2023-06-15T09:46:56","guid":{"rendered":"https:\/\/www.albergueplazacatedral.com\/?p=4624"},"modified":"2023-06-15T10:30:13","modified_gmt":"2023-06-15T10:30:13","slug":"1-breve-guia-para-recorrer-la-etapa-del-camino-frances-desde-pamplona-a-puente-la-reina-sin-perderte-ningun-detalle","status":"publish","type":"post","link":"https:\/\/www.albergueplazacatedral.com\/en\/1-breve-guia-para-recorrer-la-etapa-del-camino-frances-desde-pamplona-a-puente-la-reina-sin-perderte-ningun-detalle\/","title":{"rendered":"1 breve gu\u00eda para recorrer la etapa del Camino Franc\u00e9s desde Pamplona a Puente la Reina sin perderte ning\u00fan detalle"},"content":{"rendered":"<p>Posiblemente est\u00e1s planificando con mucha ilusi\u00f3n tu andadura por el Camino de Santiago y decides empezar por Pamplona. O puede que tengas los Pirineos a tus espaldas y quieras hacer un alto en el camino.<\/p>\n<p>Y merecido, por supuesto.<\/p>\n<p>Sea cual sea el motivo, venimos a darte <strong>algunos consejos para que la etapa sea m\u00e1s sencilla y segura.<\/strong><\/p>\n<p>No te vamos a enga\u00f1ar, dentro del Camino Franc\u00e9s esta etapa es una de las que m\u00e1s te puede exigir a nivel f\u00edsico en sus 24 kil\u00f3metros de recorrido.<\/p>\n<h2>Pamplona en el Camino Franc\u00e9s y el Camino Aragon\u00e9s<\/h2>\n<div id=\"attachment_4628\" style=\"width: 1034px\" class=\"wp-caption alignleft\"><a href=\"https:\/\/www.albergueplazacatedral.com\/wp-content\/uploads\/2023\/06\/Ayuntamiento-de-Pamplona_Francis-Vaquero_Turismo-de-Navarra.jpg\"><img loading=\"lazy\" decoding=\"async\" aria-describedby=\"caption-attachment-4628\" class=\"size-large wp-image-4628\" src=\"https:\/\/www.albergueplazacatedral.com\/wp-content\/uploads\/2023\/06\/Ayuntamiento-de-Pamplona_Francis-Vaquero_Turismo-de-Navarra-1024x576.jpg\" alt=\"\" width=\"1024\" height=\"576\" srcset=\"https:\/\/www.albergueplazacatedral.com\/wp-content\/uploads\/2023\/06\/Ayuntamiento-de-Pamplona_Francis-Vaquero_Turismo-de-Navarra-1024x576.jpg 1024w, https:\/\/www.albergueplazacatedral.com\/wp-content\/uploads\/2023\/06\/Ayuntamiento-de-Pamplona_Francis-Vaquero_Turismo-de-Navarra-300x169.jpg 300w, https:\/\/www.albergueplazacatedral.com\/wp-content\/uploads\/2023\/06\/Ayuntamiento-de-Pamplona_Francis-Vaquero_Turismo-de-Navarra-768x432.jpg 768w, https:\/\/www.albergueplazacatedral.com\/wp-content\/uploads\/2023\/06\/Ayuntamiento-de-Pamplona_Francis-Vaquero_Turismo-de-Navarra.jpg 1500w\" sizes=\"auto, (max-width: 1024px) 100vw, 1024px\" \/><\/a><p id=\"caption-attachment-4628\" class=\"wp-caption-text\">Ayuntamiento de Pamplona<\/p><\/div>\n<p>Empezamos la ruta. <strong>Pamplona es la primera ciudad que todo peregrino encuentra<\/strong> al cruzar el paso de los Pirineos en el Camino de Santiago y es ruta de peregrinaci\u00f3n desde la \u00e9poca medieval.<\/p>\n<p>La vieja Iru\u00f1a (su nombre en nuestro idioma) <strong>era un punto estrat\u00e9gico en el Camino<\/strong>: guerras, reinos, murallas y fortificaciones han hecho a la ciudad contar con un patrimonio espectacular y un mont\u00f3n de rincones aut\u00e9nticos que te trasladan a otras \u00e9pocas.<\/p>\n<p>Adem\u00e1s vas a comer de lujo, como bien sabr\u00e1s, Pamplona es conocida por su contundente y <strong>exquisita gastronom\u00eda<\/strong>. Despu\u00e9s de una buena caminata, ir de pintxos ser\u00e1 lo que m\u00e1s te apetezca.<\/p>\n<p>Aunque no te pierdas por los bares y visita antes su impresionante Catedral de Santa Mar\u00eda \u2014justo al lado del Albergue Plaza Catedral\u2014 recorre sus calles y ve a la Plaza del Castillo. Considerado como el sal\u00f3n de estar de la ciudad. A\u00b4\u00ed puedes sentarte y ver la vida pasar. Aunque si quieres un lugar verde, lleno de vida e historia, dir\u00edgete hacia la Ciudadela, una construcci\u00f3n militar que vista desde el cielo ten\u00eda forma de estrella.<\/p>\n<p>Aunque antes de todo esto, deber\u00edas tener un lugar <strong>un lugar donde alojarte en Pamplona<\/strong> y en eso s\u00ed podemos ayudarte.<\/p>\n<p><a href=\"https:\/\/www.albergueplazacatedral.com\">Mira qu\u00e9 tenemos aqu\u00ed para ti.<\/a><\/p>\n<p><strong>Albergue Plaza Catedral de Pamplona es un albergue enfocado mayoritariamente a peregrino.<\/strong> Aqu\u00ed tienes todos los servicios y habitaciones de diversos tama\u00f1os dependiendo del tipo Camino que hayas planeado.<\/p>\n<p>Si reservas con antelaci\u00f3n te aseguras descansar a pierna suelta y hacer la etapa tranquilamente sin agobiarte por no haber reservado antes.<\/p>\n<p>Ahora bien, pon atenci\u00f3n porque <strong>el recorrido empieza ya<\/strong>.<\/p>\n<p>\u00bflisto?<\/p>\n<h2>Paradas imprescindibles en la etapa cuatro del Camino Franc\u00e9s<\/h2>\n<p>Si te has alojado en el Albergue Plaza Catedral tienes que atravesar el casco viejo antes de salir de Pamplona.<\/p>\n<p>Disfrutar\u00e1s de sus calles empedradas, de sus edificios hist\u00f3ricos y de la calma de las primeras horas del d\u00eda. Atravesar\u00e1s la calle Mayor disfrutando de las vistas de la Iglesia de San Lorenzo. Tus pasos los van a guiar las vieiras met\u00e1licas del suelo, as\u00ed que tranquilidad que no hay p\u00e9rdida. El Camino est\u00e1 indicado.<\/p>\n<p>Atraviesas la Ciudadela y apareces en el Campus de la Universidad de Navarra y seguimos caminando.<\/p>\n<div id=\"attachment_4631\" style=\"width: 1034px\" class=\"wp-caption alignleft\"><a href=\"https:\/\/www.albergueplazacatedral.com\/wp-content\/uploads\/2023\/06\/La-Ciudadela_Francis-Vaquero_Turismo-de-Navarra.jpg\"><img loading=\"lazy\" decoding=\"async\" aria-describedby=\"caption-attachment-4631\" class=\"size-large wp-image-4631\" src=\"https:\/\/www.albergueplazacatedral.com\/wp-content\/uploads\/2023\/06\/La-Ciudadela_Francis-Vaquero_Turismo-de-Navarra-1024x576.jpg\" alt=\"\" width=\"1024\" height=\"576\" srcset=\"https:\/\/www.albergueplazacatedral.com\/wp-content\/uploads\/2023\/06\/La-Ciudadela_Francis-Vaquero_Turismo-de-Navarra-1024x576.jpg 1024w, https:\/\/www.albergueplazacatedral.com\/wp-content\/uploads\/2023\/06\/La-Ciudadela_Francis-Vaquero_Turismo-de-Navarra-300x169.jpg 300w, https:\/\/www.albergueplazacatedral.com\/wp-content\/uploads\/2023\/06\/La-Ciudadela_Francis-Vaquero_Turismo-de-Navarra-768x432.jpg 768w, https:\/\/www.albergueplazacatedral.com\/wp-content\/uploads\/2023\/06\/La-Ciudadela_Francis-Vaquero_Turismo-de-Navarra.jpg 1500w\" sizes=\"auto, (max-width: 1024px) 100vw, 1024px\" \/><\/a><p id=\"caption-attachment-4631\" class=\"wp-caption-text\">Ciudadela<\/p><\/div>\n<p>\u00bfQuieres saber ya cu\u00e1l es la pr\u00f3xima parada?<\/p>\n<p>Cizur Menor. Un peque\u00f1o pueblo con encanto donde antes de pasar de largo tienes que visitar la Iglesia de San Miguel y el albergue de peregrinos.<\/p>\n<p>Venga que seguimos. Continuamos hasta Zariquiegui. Aqu\u00ed hay diversos puntos a visitar.<\/p>\n<p>Empezando por la Iglesia de San Andr\u00e9s del S. XIII \u2014de estilo rom\u00e1nico\u2014 es un punto de descanso y reflexi\u00f3n para los peregrinos. Aqu\u00ed podr\u00e1s respirar en paz y continuar.<\/p>\n<p>Desde aqu\u00ed ya puedes ver El Alto Perd\u00f3n. Cuando decides iniciar el ascenso ya no hay vuelta atr\u00e1s, sigue adelante, \u00e9chale ganas que te aqu\u00ed es donde vas a darlo todo. Menos mal que hay una fuente, la fuente Reniega. En ella puedes rellenar tu botella o cantimplora y reflexionar sobre su historia mientras recuperas el aliento.<\/p>\n<p><a href=\"https:\/\/www.albergueplazacatedral.com\/wp-content\/uploads\/2023\/06\/Parque-Eolico-de-la-sierra-de-El-Perdon_Francis-Vaquero_Turismo-de-Navarra_2-1.jpg\"><img loading=\"lazy\" decoding=\"async\" class=\"alignleft size-large wp-image-4640\" src=\"https:\/\/www.albergueplazacatedral.com\/wp-content\/uploads\/2023\/06\/Parque-Eolico-de-la-sierra-de-El-Perdon_Francis-Vaquero_Turismo-de-Navarra_2-1-1024x576.jpg\" alt=\"\" width=\"1024\" height=\"576\" srcset=\"https:\/\/www.albergueplazacatedral.com\/wp-content\/uploads\/2023\/06\/Parque-Eolico-de-la-sierra-de-El-Perdon_Francis-Vaquero_Turismo-de-Navarra_2-1-1024x576.jpg 1024w, https:\/\/www.albergueplazacatedral.com\/wp-content\/uploads\/2023\/06\/Parque-Eolico-de-la-sierra-de-El-Perdon_Francis-Vaquero_Turismo-de-Navarra_2-1-300x169.jpg 300w, https:\/\/www.albergueplazacatedral.com\/wp-content\/uploads\/2023\/06\/Parque-Eolico-de-la-sierra-de-El-Perdon_Francis-Vaquero_Turismo-de-Navarra_2-1-768x432.jpg 768w, https:\/\/www.albergueplazacatedral.com\/wp-content\/uploads\/2023\/06\/Parque-Eolico-de-la-sierra-de-El-Perdon_Francis-Vaquero_Turismo-de-Navarra_2-1.jpg 1296w\" sizes=\"auto, (max-width: 1024px) 100vw, 1024px\" \/><\/a><\/p>\n<p>Cuenta la leyenda que andaba un peregrino por aqu\u00ed muerto de sed cuando se le apareci\u00f3 el demonio. Este le ofreci\u00f3 agua fresca y cristalina a cambio deb\u00eda abandonar su peregrinaci\u00f3n. El peregrino se neg\u00f3 y dijo que prefer\u00eda morir de sed antes que dejar su andadura. Entonces, el demonio se esfum\u00f3 y de repente, apareci\u00f3 una figura con un caballo blanco.<\/p>\n<p>\u00bfQui\u00e9n era? Ya lo has adivinado? S\u00ed, era el ap\u00f3stol Santiago para premiarlo con una fuente por su muestra de fe.<\/p>\n<p>Durante el tiempo que sigas caminando ir\u00e1s descubriendo las leyendas, historias y milagros que rodean a esta ruta tan famosa y tan m\u00edstica.<\/p>\n<p>Seguimos.<\/p>\n<p>Un ratito m\u00e1s tarde \u2014por fin\u2014 llegamos a la esperada cima del <strong>Alto Perd\u00f3n y el monumento donde encuentras un homenaje al peregrino<\/strong>: pasa desde una figura solitaria en los inicios del Camino hasta la actualidad.<\/p>\n<p>Cada hueco refleja el espaciado en el tiempo y la decadencia o recuperaci\u00f3n del camino.<\/p>\n<p>En tu caso, si quieres tomarte una foto tienes que situarte tras la \u00faltima figura que se refiere al caminante m\u00e1s moderno. Desde ah\u00ed la vista es todo un espect\u00e1culo. Te sientes parte de la historia.<\/p>\n<p>Bueno\u2026 ya ha llegado el momento del descenso, es importante que tengas cuidado con las piedras sueltas y mucho ojo con los peque\u00f1os tramos peligrosos a la bajada.<\/p>\n<p>Atraviesas Uterga y Muruz\u00e1bal.<\/p>\n<p>Stop. Si quieres ver la ermita de Eunate este es el momento de coger el desv\u00edo o quiz\u00e1s prefieres llegar a nuestro albergue y hacerlo m\u00e1s tarde.<\/p>\n<p>\u00bfC\u00f3mo?<\/p>\n<p><a href=\"https:\/\/alberguepuente.com\/la-iglesia-magica-de-navarra-que-ver-en-el-camino\/\">Pincha en este enlace para leer este post y conocer un truco que te ayudar\u00e1 a evitar perder tiempo al hacerlo y con el que tus pies no caminan de m\u00e1s.<\/a><\/p>\n<p>\u00bfHas cogido el desv\u00edo o prefieres esperar hasta llegar a Puente La Reina?<\/p>\n<p>En el \u00faltimo caso, el siguiente <em>pueblico <\/em>es Obanos con un Ayuntamiento que destaca por su dise\u00f1o y tambi\u00e9n tiene una Iglesia, la cual est\u00e1 dedicada a San Juan Bautista.<\/p>\n<p>Una vez atravesado Obanos, ya no te queda nada para terminar la etapa y llegar a Puente la Reina.<\/p>\n<p><a href=\"https:\/\/www.albergueplazacatedral.com\/wp-content\/uploads\/2023\/06\/Puente-Romanico-de-Puente-la-Reina_Javier-Campos_Turismo-de-Navarra-1.jpg\"><img loading=\"lazy\" decoding=\"async\" class=\"alignleft size-large wp-image-4637\" src=\"https:\/\/www.albergueplazacatedral.com\/wp-content\/uploads\/2023\/06\/Puente-Romanico-de-Puente-la-Reina_Javier-Campos_Turismo-de-Navarra-1-1024x683.jpg\" alt=\"\" width=\"1024\" height=\"683\" srcset=\"https:\/\/www.albergueplazacatedral.com\/wp-content\/uploads\/2023\/06\/Puente-Romanico-de-Puente-la-Reina_Javier-Campos_Turismo-de-Navarra-1-1024x683.jpg 1024w, https:\/\/www.albergueplazacatedral.com\/wp-content\/uploads\/2023\/06\/Puente-Romanico-de-Puente-la-Reina_Javier-Campos_Turismo-de-Navarra-1-300x200.jpg 300w, https:\/\/www.albergueplazacatedral.com\/wp-content\/uploads\/2023\/06\/Puente-Romanico-de-Puente-la-Reina_Javier-Campos_Turismo-de-Navarra-1-768x512.jpg 768w, https:\/\/www.albergueplazacatedral.com\/wp-content\/uploads\/2023\/06\/Puente-Romanico-de-Puente-la-Reina_Javier-Campos_Turismo-de-Navarra-1.jpg 1296w\" sizes=\"auto, (max-width: 1024px) 100vw, 1024px\" \/><\/a><\/p>\n<h2>Puente la Reina: fin de la etapa<\/h2>\n<p>Enhorabuena, este es el fin de la cuarta etapa. <strong>Has llegado a Puente la Reina<\/strong>. Una ciudad con mucho encanto, conocida por su puente medieval, sus calles empedradas y sus casas antiguas.<\/p>\n<p>Es el momento id\u00f3neo para darte una buena ducha y permitirte un descanso tras recorrer la potente caminata de hoy.<\/p>\n<p>\u00bfY d\u00f3nde hacerlo?<\/p>\n<p><strong>Disfruta de un descanso \u00e9pico en nuestro albergue, <\/strong>en pleno el casco hist\u00f3rico y sin desviarte del camino. El lugar perfecto descansar y reponer fuerzas, poder lavar, cocinar o simplemente sentarte en su maravillosa terraza y relajarte, que te lo has merecido.<\/p>\n<p>Si te gusta la idea, <a href=\"https:\/\/alberguepuente.com\">Reserva ya aqu\u00ed.<\/a><\/p>\n<p>Y como dice el refr\u00e1n \u00abel Camino no se anda, se vive\u00bb.<\/p>\n<p>Esperamos que lo hayas <strong>vivido<\/strong>.<\/p>\n","protected":false},"excerpt":{"rendered":"<p>Posiblemente est\u00e1s planificando con mucha ilusi\u00f3n tu andadura por el Camino de Santiago y decides empezar por Pamplona. O puede que tengas los Pirineos a tus espaldas y quieras hacer&#8230;<\/p>\n","protected":false},"author":2,"featured_media":4628,"comment_status":"open","ping_status":"closed","sticky":false,"template":"","format":"standard","meta":{"_joinchat":[],"footnotes":""},"categories":[1],"tags":[],"class_list":["post-4624","post","type-post","status-publish","format-standard","has-post-thumbnail","hentry","category-actualidad"],"yoast_head":"<!-- This site is optimized with the Yoast SEO plugin v27.5 - https:\/\/yoast.com\/product\/yoast-seo-wordpress\/ -->\n<title>Etapa Pamplona a Puente la Reina<\/title>\n<meta name=\"description\" content=\"Lee la gu\u00eda que te ayudar\u00e1 a disfrutar m\u00e1s tu peregrinaje sin perderte detalle del camino franc\u00e9s en la etapa que recorre Pamplona hasta Puente la Reina.\" \/>\n<meta name=\"robots\" content=\"index, follow, max-snippet:-1, max-image-preview:large, max-video-preview:-1\" \/>\n<link rel=\"canonical\" href=\"https:\/\/www.albergueplazacatedral.com\/1-breve-guia-para-recorrer-la-etapa-del-camino-frances-desde-pamplona-a-puente-la-reina-sin-perderte-ningun-detalle\/\" \/>\n<meta property=\"og:locale\" content=\"en_US\" \/>\n<meta property=\"og:type\" content=\"article\" \/>\n<meta property=\"og:title\" content=\"Etapa Pamplona a Puente la Reina\" \/>\n<meta property=\"og:description\" content=\"Lee la gu\u00eda que te ayudar\u00e1 a disfrutar m\u00e1s tu peregrinaje sin perderte detalle del camino franc\u00e9s en la etapa que recorre Pamplona hasta Puente la Reina.\" \/>\n<meta property=\"og:url\" content=\"https:\/\/www.albergueplazacatedral.com\/1-breve-guia-para-recorrer-la-etapa-del-camino-frances-desde-pamplona-a-puente-la-reina-sin-perderte-ningun-detalle\/\" \/>\n<meta property=\"og:site_name\" content=\"Hostel Plaza Catedral in Pamplona\" \/>\n<meta property=\"article:publisher\" content=\"https:\/\/www.facebook.com\/albergueplazacatedral\/?ref=ts&amp;amp%3bamp%3bamp%3bamp%3bfref=ts\" \/>\n<meta property=\"article:published_time\" content=\"2023-06-15T09:46:56+00:00\" \/>\n<meta property=\"article:modified_time\" content=\"2023-06-15T10:30:13+00:00\" \/>\n<meta property=\"og:image\" content=\"https:\/\/www.albergueplazacatedral.com\/wp-content\/uploads\/2023\/06\/Ayuntamiento-de-Pamplona_Francis-Vaquero_Turismo-de-Navarra.jpg\" \/>\n\t<meta property=\"og:image:width\" content=\"1500\" \/>\n\t<meta property=\"og:image:height\" content=\"844\" \/>\n\t<meta property=\"og:image:type\" content=\"image\/jpeg\" \/>\n<meta name=\"author\" content=\"Javier Francisco\" \/>\n<meta name=\"twitter:card\" content=\"summary_large_image\" \/>\n<meta name=\"twitter:label1\" content=\"Written by\" \/>\n\t<meta name=\"twitter:data1\" content=\"Javier Francisco\" \/>\n\t<meta name=\"twitter:label2\" content=\"Est. reading time\" \/>\n\t<meta name=\"twitter:data2\" content=\"6 minutes\" \/>\n<script type=\"application\/ld+json\" class=\"yoast-schema-graph\">{\"@context\":\"https:\\\/\\\/schema.org\",\"@graph\":[{\"@type\":\"Article\",\"@id\":\"https:\\\/\\\/www.albergueplazacatedral.com\\\/1-breve-guia-para-recorrer-la-etapa-del-camino-frances-desde-pamplona-a-puente-la-reina-sin-perderte-ningun-detalle\\\/#article\",\"isPartOf\":{\"@id\":\"https:\\\/\\\/www.albergueplazacatedral.com\\\/1-breve-guia-para-recorrer-la-etapa-del-camino-frances-desde-pamplona-a-puente-la-reina-sin-perderte-ningun-detalle\\\/\"},\"author\":{\"name\":\"Javier Francisco\",\"@id\":\"https:\\\/\\\/www.albergueplazacatedral.com\\\/#\\\/schema\\\/person\\\/f4cd0722fbaf455fcd7f9a2c4891ec4f\"},\"headline\":\"1 breve gu\u00eda para recorrer la etapa del Camino Franc\u00e9s desde Pamplona a Puente la Reina sin perderte ning\u00fan detalle\",\"datePublished\":\"2023-06-15T09:46:56+00:00\",\"dateModified\":\"2023-06-15T10:30:13+00:00\",\"mainEntityOfPage\":{\"@id\":\"https:\\\/\\\/www.albergueplazacatedral.com\\\/1-breve-guia-para-recorrer-la-etapa-del-camino-frances-desde-pamplona-a-puente-la-reina-sin-perderte-ningun-detalle\\\/\"},\"wordCount\":1187,\"commentCount\":0,\"publisher\":{\"@id\":\"https:\\\/\\\/www.albergueplazacatedral.com\\\/#organization\"},\"image\":{\"@id\":\"https:\\\/\\\/www.albergueplazacatedral.com\\\/1-breve-guia-para-recorrer-la-etapa-del-camino-frances-desde-pamplona-a-puente-la-reina-sin-perderte-ningun-detalle\\\/#primaryimage\"},\"thumbnailUrl\":\"https:\\\/\\\/www.albergueplazacatedral.com\\\/wp-content\\\/uploads\\\/2023\\\/06\\\/Ayuntamiento-de-Pamplona_Francis-Vaquero_Turismo-de-Navarra.jpg\",\"articleSection\":[\"Actualidad\"],\"inLanguage\":\"en-US\",\"potentialAction\":[{\"@type\":\"CommentAction\",\"name\":\"Comment\",\"target\":[\"https:\\\/\\\/www.albergueplazacatedral.com\\\/1-breve-guia-para-recorrer-la-etapa-del-camino-frances-desde-pamplona-a-puente-la-reina-sin-perderte-ningun-detalle\\\/#respond\"]}]},{\"@type\":\"WebPage\",\"@id\":\"https:\\\/\\\/www.albergueplazacatedral.com\\\/1-breve-guia-para-recorrer-la-etapa-del-camino-frances-desde-pamplona-a-puente-la-reina-sin-perderte-ningun-detalle\\\/\",\"url\":\"https:\\\/\\\/www.albergueplazacatedral.com\\\/1-breve-guia-para-recorrer-la-etapa-del-camino-frances-desde-pamplona-a-puente-la-reina-sin-perderte-ningun-detalle\\\/\",\"name\":\"Etapa Pamplona a Puente la Reina\",\"isPartOf\":{\"@id\":\"https:\\\/\\\/www.albergueplazacatedral.com\\\/#website\"},\"primaryImageOfPage\":{\"@id\":\"https:\\\/\\\/www.albergueplazacatedral.com\\\/1-breve-guia-para-recorrer-la-etapa-del-camino-frances-desde-pamplona-a-puente-la-reina-sin-perderte-ningun-detalle\\\/#primaryimage\"},\"image\":{\"@id\":\"https:\\\/\\\/www.albergueplazacatedral.com\\\/1-breve-guia-para-recorrer-la-etapa-del-camino-frances-desde-pamplona-a-puente-la-reina-sin-perderte-ningun-detalle\\\/#primaryimage\"},\"thumbnailUrl\":\"https:\\\/\\\/www.albergueplazacatedral.com\\\/wp-content\\\/uploads\\\/2023\\\/06\\\/Ayuntamiento-de-Pamplona_Francis-Vaquero_Turismo-de-Navarra.jpg\",\"datePublished\":\"2023-06-15T09:46:56+00:00\",\"dateModified\":\"2023-06-15T10:30:13+00:00\",\"description\":\"Lee la gu\u00eda que te ayudar\u00e1 a disfrutar m\u00e1s tu peregrinaje sin perderte detalle del camino franc\u00e9s en la etapa que recorre Pamplona hasta Puente la Reina.\",\"breadcrumb\":{\"@id\":\"https:\\\/\\\/www.albergueplazacatedral.com\\\/1-breve-guia-para-recorrer-la-etapa-del-camino-frances-desde-pamplona-a-puente-la-reina-sin-perderte-ningun-detalle\\\/#breadcrumb\"},\"inLanguage\":\"en-US\",\"potentialAction\":[{\"@type\":\"ReadAction\",\"target\":[\"https:\\\/\\\/www.albergueplazacatedral.com\\\/1-breve-guia-para-recorrer-la-etapa-del-camino-frances-desde-pamplona-a-puente-la-reina-sin-perderte-ningun-detalle\\\/\"]}]},{\"@type\":\"ImageObject\",\"inLanguage\":\"en-US\",\"@id\":\"https:\\\/\\\/www.albergueplazacatedral.com\\\/1-breve-guia-para-recorrer-la-etapa-del-camino-frances-desde-pamplona-a-puente-la-reina-sin-perderte-ningun-detalle\\\/#primaryimage\",\"url\":\"https:\\\/\\\/www.albergueplazacatedral.com\\\/wp-content\\\/uploads\\\/2023\\\/06\\\/Ayuntamiento-de-Pamplona_Francis-Vaquero_Turismo-de-Navarra.jpg\",\"contentUrl\":\"https:\\\/\\\/www.albergueplazacatedral.com\\\/wp-content\\\/uploads\\\/2023\\\/06\\\/Ayuntamiento-de-Pamplona_Francis-Vaquero_Turismo-de-Navarra.jpg\",\"width\":1500,\"height\":844,\"caption\":\"Ayuntamiento de Pamplona\"},{\"@type\":\"BreadcrumbList\",\"@id\":\"https:\\\/\\\/www.albergueplazacatedral.com\\\/1-breve-guia-para-recorrer-la-etapa-del-camino-frances-desde-pamplona-a-puente-la-reina-sin-perderte-ningun-detalle\\\/#breadcrumb\",\"itemListElement\":[{\"@type\":\"ListItem\",\"position\":1,\"name\":\"Portada\",\"item\":\"https:\\\/\\\/www.albergueplazacatedral.com\\\/en\\\/\"},{\"@type\":\"ListItem\",\"position\":2,\"name\":\"1 breve gu\u00eda para recorrer la etapa del Camino Franc\u00e9s desde Pamplona a Puente la Reina sin perderte ning\u00fan detalle\"}]},{\"@type\":\"WebSite\",\"@id\":\"https:\\\/\\\/www.albergueplazacatedral.com\\\/#website\",\"url\":\"https:\\\/\\\/www.albergueplazacatedral.com\\\/\",\"name\":\"Hostel Plaza Catedral in Pamplona\",\"description\":\"Hostel Plaza Catedral en the old town of Pamplona (Navarra)\",\"publisher\":{\"@id\":\"https:\\\/\\\/www.albergueplazacatedral.com\\\/#organization\"},\"potentialAction\":[{\"@type\":\"SearchAction\",\"target\":{\"@type\":\"EntryPoint\",\"urlTemplate\":\"https:\\\/\\\/www.albergueplazacatedral.com\\\/?s={search_term_string}\"},\"query-input\":{\"@type\":\"PropertyValueSpecification\",\"valueRequired\":true,\"valueName\":\"search_term_string\"}}],\"inLanguage\":\"en-US\"},{\"@type\":\"Organization\",\"@id\":\"https:\\\/\\\/www.albergueplazacatedral.com\\\/#organization\",\"name\":\"Albergue Plaza Catedral\",\"url\":\"https:\\\/\\\/www.albergueplazacatedral.com\\\/\",\"logo\":{\"@type\":\"ImageObject\",\"inLanguage\":\"en-US\",\"@id\":\"https:\\\/\\\/www.albergueplazacatedral.com\\\/#\\\/schema\\\/logo\\\/image\\\/\",\"url\":\"https:\\\/\\\/www.albergueplazacatedral.com\\\/wp-content\\\/uploads\\\/2015\\\/06\\\/albergue_logo.jpg\",\"contentUrl\":\"https:\\\/\\\/www.albergueplazacatedral.com\\\/wp-content\\\/uploads\\\/2015\\\/06\\\/albergue_logo.jpg\",\"width\":600,\"height\":366,\"caption\":\"Albergue Plaza Catedral\"},\"image\":{\"@id\":\"https:\\\/\\\/www.albergueplazacatedral.com\\\/#\\\/schema\\\/logo\\\/image\\\/\"},\"sameAs\":[\"https:\\\/\\\/www.facebook.com\\\/albergueplazacatedral\\\/?ref=ts&amp;amp;amp;amp;fref=ts\"]},{\"@type\":\"Person\",\"@id\":\"https:\\\/\\\/www.albergueplazacatedral.com\\\/#\\\/schema\\\/person\\\/f4cd0722fbaf455fcd7f9a2c4891ec4f\",\"name\":\"Javier Francisco\",\"image\":{\"@type\":\"ImageObject\",\"inLanguage\":\"en-US\",\"@id\":\"https:\\\/\\\/secure.gravatar.com\\\/avatar\\\/8cb874da36b0d82fcf79682e097ee927baf70051ba39298e59496870926e23a8?s=96&d=mm&r=g\",\"url\":\"https:\\\/\\\/secure.gravatar.com\\\/avatar\\\/8cb874da36b0d82fcf79682e097ee927baf70051ba39298e59496870926e23a8?s=96&d=mm&r=g\",\"contentUrl\":\"https:\\\/\\\/secure.gravatar.com\\\/avatar\\\/8cb874da36b0d82fcf79682e097ee927baf70051ba39298e59496870926e23a8?s=96&d=mm&r=g\",\"caption\":\"Javier Francisco\"},\"url\":\"https:\\\/\\\/www.albergueplazacatedral.com\\\/en\\\/author\\\/francisco-javier\\\/\"}]}<\/script>\n<!-- \/ Yoast SEO plugin. -->","yoast_head_json":{"title":"Etapa Pamplona a Puente la Reina","description":"Lee la gu\u00eda que te ayudar\u00e1 a disfrutar m\u00e1s tu peregrinaje sin perderte detalle del camino franc\u00e9s en la etapa que recorre Pamplona hasta Puente la Reina.","robots":{"index":"index","follow":"follow","max-snippet":"max-snippet:-1","max-image-preview":"max-image-preview:large","max-video-preview":"max-video-preview:-1"},"canonical":"https:\/\/www.albergueplazacatedral.com\/1-breve-guia-para-recorrer-la-etapa-del-camino-frances-desde-pamplona-a-puente-la-reina-sin-perderte-ningun-detalle\/","og_locale":"en_US","og_type":"article","og_title":"Etapa Pamplona a Puente la Reina","og_description":"Lee la gu\u00eda que te ayudar\u00e1 a disfrutar m\u00e1s tu peregrinaje sin perderte detalle del camino franc\u00e9s en la etapa que recorre Pamplona hasta Puente la Reina.","og_url":"https:\/\/www.albergueplazacatedral.com\/1-breve-guia-para-recorrer-la-etapa-del-camino-frances-desde-pamplona-a-puente-la-reina-sin-perderte-ningun-detalle\/","og_site_name":"Hostel Plaza Catedral in Pamplona","article_publisher":"https:\/\/www.facebook.com\/albergueplazacatedral\/?ref=ts&amp%3bamp%3bamp%3bamp%3bfref=ts","article_published_time":"2023-06-15T09:46:56+00:00","article_modified_time":"2023-06-15T10:30:13+00:00","og_image":[{"width":1500,"height":844,"url":"https:\/\/www.albergueplazacatedral.com\/wp-content\/uploads\/2023\/06\/Ayuntamiento-de-Pamplona_Francis-Vaquero_Turismo-de-Navarra.jpg","type":"image\/jpeg"}],"author":"Javier Francisco","twitter_card":"summary_large_image","twitter_misc":{"Written by":"Javier Francisco","Est. reading time":"6 minutes"},"schema":{"@context":"https:\/\/schema.org","@graph":[{"@type":"Article","@id":"https:\/\/www.albergueplazacatedral.com\/1-breve-guia-para-recorrer-la-etapa-del-camino-frances-desde-pamplona-a-puente-la-reina-sin-perderte-ningun-detalle\/#article","isPartOf":{"@id":"https:\/\/www.albergueplazacatedral.com\/1-breve-guia-para-recorrer-la-etapa-del-camino-frances-desde-pamplona-a-puente-la-reina-sin-perderte-ningun-detalle\/"},"author":{"name":"Javier Francisco","@id":"https:\/\/www.albergueplazacatedral.com\/#\/schema\/person\/f4cd0722fbaf455fcd7f9a2c4891ec4f"},"headline":"1 breve gu\u00eda para recorrer la etapa del Camino Franc\u00e9s desde Pamplona a Puente la Reina sin perderte ning\u00fan detalle","datePublished":"2023-06-15T09:46:56+00:00","dateModified":"2023-06-15T10:30:13+00:00","mainEntityOfPage":{"@id":"https:\/\/www.albergueplazacatedral.com\/1-breve-guia-para-recorrer-la-etapa-del-camino-frances-desde-pamplona-a-puente-la-reina-sin-perderte-ningun-detalle\/"},"wordCount":1187,"commentCount":0,"publisher":{"@id":"https:\/\/www.albergueplazacatedral.com\/#organization"},"image":{"@id":"https:\/\/www.albergueplazacatedral.com\/1-breve-guia-para-recorrer-la-etapa-del-camino-frances-desde-pamplona-a-puente-la-reina-sin-perderte-ningun-detalle\/#primaryimage"},"thumbnailUrl":"https:\/\/www.albergueplazacatedral.com\/wp-content\/uploads\/2023\/06\/Ayuntamiento-de-Pamplona_Francis-Vaquero_Turismo-de-Navarra.jpg","articleSection":["Actualidad"],"inLanguage":"en-US","potentialAction":[{"@type":"CommentAction","name":"Comment","target":["https:\/\/www.albergueplazacatedral.com\/1-breve-guia-para-recorrer-la-etapa-del-camino-frances-desde-pamplona-a-puente-la-reina-sin-perderte-ningun-detalle\/#respond"]}]},{"@type":"WebPage","@id":"https:\/\/www.albergueplazacatedral.com\/1-breve-guia-para-recorrer-la-etapa-del-camino-frances-desde-pamplona-a-puente-la-reina-sin-perderte-ningun-detalle\/","url":"https:\/\/www.albergueplazacatedral.com\/1-breve-guia-para-recorrer-la-etapa-del-camino-frances-desde-pamplona-a-puente-la-reina-sin-perderte-ningun-detalle\/","name":"Etapa Pamplona a Puente la Reina","isPartOf":{"@id":"https:\/\/www.albergueplazacatedral.com\/#website"},"primaryImageOfPage":{"@id":"https:\/\/www.albergueplazacatedral.com\/1-breve-guia-para-recorrer-la-etapa-del-camino-frances-desde-pamplona-a-puente-la-reina-sin-perderte-ningun-detalle\/#primaryimage"},"image":{"@id":"https:\/\/www.albergueplazacatedral.com\/1-breve-guia-para-recorrer-la-etapa-del-camino-frances-desde-pamplona-a-puente-la-reina-sin-perderte-ningun-detalle\/#primaryimage"},"thumbnailUrl":"https:\/\/www.albergueplazacatedral.com\/wp-content\/uploads\/2023\/06\/Ayuntamiento-de-Pamplona_Francis-Vaquero_Turismo-de-Navarra.jpg","datePublished":"2023-06-15T09:46:56+00:00","dateModified":"2023-06-15T10:30:13+00:00","description":"Lee la gu\u00eda que te ayudar\u00e1 a disfrutar m\u00e1s tu peregrinaje sin perderte detalle del camino franc\u00e9s en la etapa que recorre Pamplona hasta Puente la Reina.","breadcrumb":{"@id":"https:\/\/www.albergueplazacatedral.com\/1-breve-guia-para-recorrer-la-etapa-del-camino-frances-desde-pamplona-a-puente-la-reina-sin-perderte-ningun-detalle\/#breadcrumb"},"inLanguage":"en-US","potentialAction":[{"@type":"ReadAction","target":["https:\/\/www.albergueplazacatedral.com\/1-breve-guia-para-recorrer-la-etapa-del-camino-frances-desde-pamplona-a-puente-la-reina-sin-perderte-ningun-detalle\/"]}]},{"@type":"ImageObject","inLanguage":"en-US","@id":"https:\/\/www.albergueplazacatedral.com\/1-breve-guia-para-recorrer-la-etapa-del-camino-frances-desde-pamplona-a-puente-la-reina-sin-perderte-ningun-detalle\/#primaryimage","url":"https:\/\/www.albergueplazacatedral.com\/wp-content\/uploads\/2023\/06\/Ayuntamiento-de-Pamplona_Francis-Vaquero_Turismo-de-Navarra.jpg","contentUrl":"https:\/\/www.albergueplazacatedral.com\/wp-content\/uploads\/2023\/06\/Ayuntamiento-de-Pamplona_Francis-Vaquero_Turismo-de-Navarra.jpg","width":1500,"height":844,"caption":"Ayuntamiento de Pamplona"},{"@type":"BreadcrumbList","@id":"https:\/\/www.albergueplazacatedral.com\/1-breve-guia-para-recorrer-la-etapa-del-camino-frances-desde-pamplona-a-puente-la-reina-sin-perderte-ningun-detalle\/#breadcrumb","itemListElement":[{"@type":"ListItem","position":1,"name":"Portada","item":"https:\/\/www.albergueplazacatedral.com\/en\/"},{"@type":"ListItem","position":2,"name":"1 breve gu\u00eda para recorrer la etapa del Camino Franc\u00e9s desde Pamplona a Puente la Reina sin perderte ning\u00fan detalle"}]},{"@type":"WebSite","@id":"https:\/\/www.albergueplazacatedral.com\/#website","url":"https:\/\/www.albergueplazacatedral.com\/","name":"Hostel Plaza Catedral in Pamplona","description":"Hostel Plaza Catedral en the old town of Pamplona (Navarra)","publisher":{"@id":"https:\/\/www.albergueplazacatedral.com\/#organization"},"potentialAction":[{"@type":"SearchAction","target":{"@type":"EntryPoint","urlTemplate":"https:\/\/www.albergueplazacatedral.com\/?s={search_term_string}"},"query-input":{"@type":"PropertyValueSpecification","valueRequired":true,"valueName":"search_term_string"}}],"inLanguage":"en-US"},{"@type":"Organization","@id":"https:\/\/www.albergueplazacatedral.com\/#organization","name":"Albergue Plaza Catedral","url":"https:\/\/www.albergueplazacatedral.com\/","logo":{"@type":"ImageObject","inLanguage":"en-US","@id":"https:\/\/www.albergueplazacatedral.com\/#\/schema\/logo\/image\/","url":"https:\/\/www.albergueplazacatedral.com\/wp-content\/uploads\/2015\/06\/albergue_logo.jpg","contentUrl":"https:\/\/www.albergueplazacatedral.com\/wp-content\/uploads\/2015\/06\/albergue_logo.jpg","width":600,"height":366,"caption":"Albergue Plaza Catedral"},"image":{"@id":"https:\/\/www.albergueplazacatedral.com\/#\/schema\/logo\/image\/"},"sameAs":["https:\/\/www.facebook.com\/albergueplazacatedral\/?ref=ts&amp;amp;amp;amp;fref=ts"]},{"@type":"Person","@id":"https:\/\/www.albergueplazacatedral.com\/#\/schema\/person\/f4cd0722fbaf455fcd7f9a2c4891ec4f","name":"Javier Francisco","image":{"@type":"ImageObject","inLanguage":"en-US","@id":"https:\/\/secure.gravatar.com\/avatar\/8cb874da36b0d82fcf79682e097ee927baf70051ba39298e59496870926e23a8?s=96&d=mm&r=g","url":"https:\/\/secure.gravatar.com\/avatar\/8cb874da36b0d82fcf79682e097ee927baf70051ba39298e59496870926e23a8?s=96&d=mm&r=g","contentUrl":"https:\/\/secure.gravatar.com\/avatar\/8cb874da36b0d82fcf79682e097ee927baf70051ba39298e59496870926e23a8?s=96&d=mm&r=g","caption":"Javier Francisco"},"url":"https:\/\/www.albergueplazacatedral.com\/en\/author\/francisco-javier\/"}]}},"_links":{"self":[{"href":"https:\/\/www.albergueplazacatedral.com\/en\/wp-json\/wp\/v2\/posts\/4624","targetHints":{"allow":["GET"]}}],"collection":[{"href":"https:\/\/www.albergueplazacatedral.com\/en\/wp-json\/wp\/v2\/posts"}],"about":[{"href":"https:\/\/www.albergueplazacatedral.com\/en\/wp-json\/wp\/v2\/types\/post"}],"author":[{"embeddable":true,"href":"https:\/\/www.albergueplazacatedral.com\/en\/wp-json\/wp\/v2\/users\/2"}],"replies":[{"embeddable":true,"href":"https:\/\/www.albergueplazacatedral.com\/en\/wp-json\/wp\/v2\/comments?post=4624"}],"version-history":[{"count":0,"href":"https:\/\/www.albergueplazacatedral.com\/en\/wp-json\/wp\/v2\/posts\/4624\/revisions"}],"wp:featuredmedia":[{"embeddable":true,"href":"https:\/\/www.albergueplazacatedral.com\/en\/wp-json\/wp\/v2\/media\/4628"}],"wp:attachment":[{"href":"https:\/\/www.albergueplazacatedral.com\/en\/wp-json\/wp\/v2\/media?parent=4624"}],"wp:term":[{"taxonomy":"category","embeddable":true,"href":"https:\/\/www.albergueplazacatedral.com\/en\/wp-json\/wp\/v2\/categories?post=4624"},{"taxonomy":"post_tag","embeddable":true,"href":"https:\/\/www.albergueplazacatedral.com\/en\/wp-json\/wp\/v2\/tags?post=4624"}],"curies":[{"name":"wp","href":"https:\/\/api.w.org\/{rel}","templated":true}]}}