{"id":507,"date":"2016-03-12T11:12:07","date_gmt":"2016-03-12T11:12:07","guid":{"rendered":"https:\/\/www.albergueplazacatedral.com\/en\/nuevo-ame-art-pamplona\/"},"modified":"2016-03-12T11:12:07","modified_gmt":"2016-03-12T11:12:07","slug":"nuevo-ame-art-pamplona","status":"publish","type":"post","link":"https:\/\/www.albergueplazacatedral.com\/en\/nuevo-ame-art-pamplona\/","title":{"rendered":"y de nuevo el ame &#038; art en Pamplona"},"content":{"rendered":"<p>Vuelve el ame &amp; art y \u00e9sta vez a la antigua estaci\u00f3n de autobuses &#8230; 19 y 20 de marzo &#8230; como siempre bien de sorpresas a modo de artesan\u00eda, comida, actuaciones, arte, reciclaje, bebercios, &#8230;una feria distinta para disfrutar de unos momentos tambi\u00e9n distintos &#8230; Visita www.ameandart.com y p\u00e1sate por la feria &#8230; Y, como en las otras ediciones, seguimos siendo el alojamiento recomendado del evento&#8230;. todo un honor &#8230; suerte<a href=\"https:\/\/www.albergueplazacatedral.com\/wp-content\/uploads\/2016\/03\/cartel-programa-web1.jpg\" rel=\"attachment wp-att-505\"><img loading=\"lazy\" decoding=\"async\" class=\"aligncenter size-full wp-image-505\" src=\"https:\/\/www.albergueplazacatedral.com\/wp-content\/uploads\/2016\/03\/cartel-programa-web1.jpg\" alt=\"AME AND ART CC\" width=\"918\" height=\"953\" srcset=\"https:\/\/www.albergueplazacatedral.com\/wp-content\/uploads\/2016\/03\/cartel-programa-web1.jpg 918w, https:\/\/www.albergueplazacatedral.com\/wp-content\/uploads\/2016\/03\/cartel-programa-web1-289x300.jpg 289w, https:\/\/www.albergueplazacatedral.com\/wp-content\/uploads\/2016\/03\/cartel-programa-web1-768x797.jpg 768w\" sizes=\"auto, (max-width: 918px) 100vw, 918px\" \/><\/a><\/p>\n","protected":false},"excerpt":{"rendered":"<p>Vuelve el ame &amp; art y \u00e9sta vez a la antigua estaci\u00f3n de autobuses &#8230; 19 y 20 de marzo &#8230; como siempre bien de sorpresas a modo de artesan\u00eda,&#8230;<\/p>\n","protected":false},"author":2,"featured_media":505,"comment_status":"open","ping_status":"closed","sticky":false,"template":"","format":"standard","meta":{"_joinchat":[],"footnotes":""},"categories":[11,8],"tags":[],"class_list":["post-507","post","type-post","status-publish","format-standard","has-post-thumbnail","hentry","category-ocio-en","category-uncategorized"],"yoast_head":"<!-- This site is optimized with the Yoast SEO plugin v27.5 - https:\/\/yoast.com\/product\/yoast-seo-wordpress\/ -->\n<title>y de nuevo el ame &amp; art en Pamplona - Hostel Plaza Catedral in Pamplona<\/title>\n<meta name=\"robots\" content=\"index, follow, max-snippet:-1, max-image-preview:large, max-video-preview:-1\" \/>\n<link rel=\"canonical\" href=\"https:\/\/www.albergueplazacatedral.com\/en\/nuevo-ame-art-pamplona\/\" \/>\n<meta property=\"og:locale\" content=\"en_US\" \/>\n<meta property=\"og:type\" content=\"article\" \/>\n<meta property=\"og:title\" content=\"y de nuevo el ame &amp; art en Pamplona - Hostel Plaza Catedral in Pamplona\" \/>\n<meta property=\"og:description\" content=\"Vuelve el ame &amp; art y \u00e9sta vez a la antigua estaci\u00f3n de autobuses &#8230; 19 y 20 de marzo &#8230; como siempre bien de sorpresas a modo de artesan\u00eda,...\" \/>\n<meta property=\"og:url\" content=\"https:\/\/www.albergueplazacatedral.com\/en\/nuevo-ame-art-pamplona\/\" \/>\n<meta property=\"og:site_name\" content=\"Hostel Plaza Catedral in Pamplona\" \/>\n<meta property=\"article:publisher\" content=\"https:\/\/www.facebook.com\/albergueplazacatedral\/?ref=ts&amp;amp%3bamp%3bamp%3bamp%3bfref=ts\" \/>\n<meta property=\"article:published_time\" content=\"2016-03-12T11:12:07+00:00\" \/>\n<meta property=\"og:image\" content=\"https:\/\/www.albergueplazacatedral.com\/wp-content\/uploads\/2016\/03\/cartel-programa-web1.jpg\" \/>\n\t<meta property=\"og:image:width\" content=\"918\" \/>\n\t<meta property=\"og:image:height\" content=\"953\" \/>\n\t<meta property=\"og:image:type\" content=\"image\/jpeg\" \/>\n<meta name=\"author\" content=\"Javier Francisco\" \/>\n<meta name=\"twitter:card\" content=\"summary_large_image\" \/>\n<meta name=\"twitter:label1\" content=\"Written by\" \/>\n\t<meta name=\"twitter:data1\" content=\"Javier Francisco\" \/>\n<script type=\"application\/ld+json\" class=\"yoast-schema-graph\">{\"@context\":\"https:\\\/\\\/schema.org\",\"@graph\":[{\"@type\":\"Article\",\"@id\":\"https:\\\/\\\/www.albergueplazacatedral.com\\\/en\\\/nuevo-ame-art-pamplona\\\/#article\",\"isPartOf\":{\"@id\":\"https:\\\/\\\/www.albergueplazacatedral.com\\\/en\\\/nuevo-ame-art-pamplona\\\/\"},\"author\":{\"name\":\"Javier Francisco\",\"@id\":\"https:\\\/\\\/www.albergueplazacatedral.com\\\/#\\\/schema\\\/person\\\/f4cd0722fbaf455fcd7f9a2c4891ec4f\"},\"headline\":\"y de nuevo el ame &#038; art en Pamplona\",\"datePublished\":\"2016-03-12T11:12:07+00:00\",\"mainEntityOfPage\":{\"@id\":\"https:\\\/\\\/www.albergueplazacatedral.com\\\/en\\\/nuevo-ame-art-pamplona\\\/\"},\"wordCount\":79,\"commentCount\":0,\"publisher\":{\"@id\":\"https:\\\/\\\/www.albergueplazacatedral.com\\\/#organization\"},\"image\":{\"@id\":\"https:\\\/\\\/www.albergueplazacatedral.com\\\/en\\\/nuevo-ame-art-pamplona\\\/#primaryimage\"},\"thumbnailUrl\":\"https:\\\/\\\/www.albergueplazacatedral.com\\\/wp-content\\\/uploads\\\/2016\\\/03\\\/cartel-programa-web1.jpg\",\"articleSection\":[\"Ocio\"],\"inLanguage\":\"en-US\",\"potentialAction\":[{\"@type\":\"CommentAction\",\"name\":\"Comment\",\"target\":[\"https:\\\/\\\/www.albergueplazacatedral.com\\\/en\\\/nuevo-ame-art-pamplona\\\/#respond\"]}]},{\"@type\":\"WebPage\",\"@id\":\"https:\\\/\\\/www.albergueplazacatedral.com\\\/en\\\/nuevo-ame-art-pamplona\\\/\",\"url\":\"https:\\\/\\\/www.albergueplazacatedral.com\\\/en\\\/nuevo-ame-art-pamplona\\\/\",\"name\":\"y de nuevo el ame & art en Pamplona - Hostel Plaza Catedral in Pamplona\",\"isPartOf\":{\"@id\":\"https:\\\/\\\/www.albergueplazacatedral.com\\\/#website\"},\"primaryImageOfPage\":{\"@id\":\"https:\\\/\\\/www.albergueplazacatedral.com\\\/en\\\/nuevo-ame-art-pamplona\\\/#primaryimage\"},\"image\":{\"@id\":\"https:\\\/\\\/www.albergueplazacatedral.com\\\/en\\\/nuevo-ame-art-pamplona\\\/#primaryimage\"},\"thumbnailUrl\":\"https:\\\/\\\/www.albergueplazacatedral.com\\\/wp-content\\\/uploads\\\/2016\\\/03\\\/cartel-programa-web1.jpg\",\"datePublished\":\"2016-03-12T11:12:07+00:00\",\"breadcrumb\":{\"@id\":\"https:\\\/\\\/www.albergueplazacatedral.com\\\/en\\\/nuevo-ame-art-pamplona\\\/#breadcrumb\"},\"inLanguage\":\"en-US\",\"potentialAction\":[{\"@type\":\"ReadAction\",\"target\":[\"https:\\\/\\\/www.albergueplazacatedral.com\\\/en\\\/nuevo-ame-art-pamplona\\\/\"]}]},{\"@type\":\"ImageObject\",\"inLanguage\":\"en-US\",\"@id\":\"https:\\\/\\\/www.albergueplazacatedral.com\\\/en\\\/nuevo-ame-art-pamplona\\\/#primaryimage\",\"url\":\"https:\\\/\\\/www.albergueplazacatedral.com\\\/wp-content\\\/uploads\\\/2016\\\/03\\\/cartel-programa-web1.jpg\",\"contentUrl\":\"https:\\\/\\\/www.albergueplazacatedral.com\\\/wp-content\\\/uploads\\\/2016\\\/03\\\/cartel-programa-web1.jpg\",\"width\":918,\"height\":953},{\"@type\":\"BreadcrumbList\",\"@id\":\"https:\\\/\\\/www.albergueplazacatedral.com\\\/en\\\/nuevo-ame-art-pamplona\\\/#breadcrumb\",\"itemListElement\":[{\"@type\":\"ListItem\",\"position\":1,\"name\":\"Portada\",\"item\":\"https:\\\/\\\/www.albergueplazacatedral.com\\\/en\\\/\"},{\"@type\":\"ListItem\",\"position\":2,\"name\":\"y de nuevo el ame &#038; art en Pamplona\"}]},{\"@type\":\"WebSite\",\"@id\":\"https:\\\/\\\/www.albergueplazacatedral.com\\\/#website\",\"url\":\"https:\\\/\\\/www.albergueplazacatedral.com\\\/\",\"name\":\"Hostel Plaza Catedral in Pamplona\",\"description\":\"Hostel Plaza Catedral en the old town of Pamplona (Navarra)\",\"publisher\":{\"@id\":\"https:\\\/\\\/www.albergueplazacatedral.com\\\/#organization\"},\"potentialAction\":[{\"@type\":\"SearchAction\",\"target\":{\"@type\":\"EntryPoint\",\"urlTemplate\":\"https:\\\/\\\/www.albergueplazacatedral.com\\\/?s={search_term_string}\"},\"query-input\":{\"@type\":\"PropertyValueSpecification\",\"valueRequired\":true,\"valueName\":\"search_term_string\"}}],\"inLanguage\":\"en-US\"},{\"@type\":\"Organization\",\"@id\":\"https:\\\/\\\/www.albergueplazacatedral.com\\\/#organization\",\"name\":\"Albergue Plaza Catedral\",\"url\":\"https:\\\/\\\/www.albergueplazacatedral.com\\\/\",\"logo\":{\"@type\":\"ImageObject\",\"inLanguage\":\"en-US\",\"@id\":\"https:\\\/\\\/www.albergueplazacatedral.com\\\/#\\\/schema\\\/logo\\\/image\\\/\",\"url\":\"https:\\\/\\\/www.albergueplazacatedral.com\\\/wp-content\\\/uploads\\\/2015\\\/06\\\/albergue_logo.jpg\",\"contentUrl\":\"https:\\\/\\\/www.albergueplazacatedral.com\\\/wp-content\\\/uploads\\\/2015\\\/06\\\/albergue_logo.jpg\",\"width\":600,\"height\":366,\"caption\":\"Albergue Plaza Catedral\"},\"image\":{\"@id\":\"https:\\\/\\\/www.albergueplazacatedral.com\\\/#\\\/schema\\\/logo\\\/image\\\/\"},\"sameAs\":[\"https:\\\/\\\/www.facebook.com\\\/albergueplazacatedral\\\/?ref=ts&amp;amp;amp;amp;fref=ts\"]},{\"@type\":\"Person\",\"@id\":\"https:\\\/\\\/www.albergueplazacatedral.com\\\/#\\\/schema\\\/person\\\/f4cd0722fbaf455fcd7f9a2c4891ec4f\",\"name\":\"Javier Francisco\",\"image\":{\"@type\":\"ImageObject\",\"inLanguage\":\"en-US\",\"@id\":\"https:\\\/\\\/secure.gravatar.com\\\/avatar\\\/8cb874da36b0d82fcf79682e097ee927baf70051ba39298e59496870926e23a8?s=96&d=mm&r=g\",\"url\":\"https:\\\/\\\/secure.gravatar.com\\\/avatar\\\/8cb874da36b0d82fcf79682e097ee927baf70051ba39298e59496870926e23a8?s=96&d=mm&r=g\",\"contentUrl\":\"https:\\\/\\\/secure.gravatar.com\\\/avatar\\\/8cb874da36b0d82fcf79682e097ee927baf70051ba39298e59496870926e23a8?s=96&d=mm&r=g\",\"caption\":\"Javier Francisco\"},\"url\":\"https:\\\/\\\/www.albergueplazacatedral.com\\\/en\\\/author\\\/francisco-javier\\\/\"}]}<\/script>\n<!-- \/ Yoast SEO plugin. -->","yoast_head_json":{"title":"y de nuevo el ame & art en Pamplona - Hostel Plaza Catedral in Pamplona","robots":{"index":"index","follow":"follow","max-snippet":"max-snippet:-1","max-image-preview":"max-image-preview:large","max-video-preview":"max-video-preview:-1"},"canonical":"https:\/\/www.albergueplazacatedral.com\/en\/nuevo-ame-art-pamplona\/","og_locale":"en_US","og_type":"article","og_title":"y de nuevo el ame & art en Pamplona - Hostel Plaza Catedral in Pamplona","og_description":"Vuelve el ame &amp; art y \u00e9sta vez a la antigua estaci\u00f3n de autobuses &#8230; 19 y 20 de marzo &#8230; como siempre bien de sorpresas a modo de artesan\u00eda,...","og_url":"https:\/\/www.albergueplazacatedral.com\/en\/nuevo-ame-art-pamplona\/","og_site_name":"Hostel Plaza Catedral in Pamplona","article_publisher":"https:\/\/www.facebook.com\/albergueplazacatedral\/?ref=ts&amp%3bamp%3bamp%3bamp%3bfref=ts","article_published_time":"2016-03-12T11:12:07+00:00","og_image":[{"width":918,"height":953,"url":"https:\/\/www.albergueplazacatedral.com\/wp-content\/uploads\/2016\/03\/cartel-programa-web1.jpg","type":"image\/jpeg"}],"author":"Javier Francisco","twitter_card":"summary_large_image","twitter_misc":{"Written by":"Javier Francisco"},"schema":{"@context":"https:\/\/schema.org","@graph":[{"@type":"Article","@id":"https:\/\/www.albergueplazacatedral.com\/en\/nuevo-ame-art-pamplona\/#article","isPartOf":{"@id":"https:\/\/www.albergueplazacatedral.com\/en\/nuevo-ame-art-pamplona\/"},"author":{"name":"Javier Francisco","@id":"https:\/\/www.albergueplazacatedral.com\/#\/schema\/person\/f4cd0722fbaf455fcd7f9a2c4891ec4f"},"headline":"y de nuevo el ame &#038; art en Pamplona","datePublished":"2016-03-12T11:12:07+00:00","mainEntityOfPage":{"@id":"https:\/\/www.albergueplazacatedral.com\/en\/nuevo-ame-art-pamplona\/"},"wordCount":79,"commentCount":0,"publisher":{"@id":"https:\/\/www.albergueplazacatedral.com\/#organization"},"image":{"@id":"https:\/\/www.albergueplazacatedral.com\/en\/nuevo-ame-art-pamplona\/#primaryimage"},"thumbnailUrl":"https:\/\/www.albergueplazacatedral.com\/wp-content\/uploads\/2016\/03\/cartel-programa-web1.jpg","articleSection":["Ocio"],"inLanguage":"en-US","potentialAction":[{"@type":"CommentAction","name":"Comment","target":["https:\/\/www.albergueplazacatedral.com\/en\/nuevo-ame-art-pamplona\/#respond"]}]},{"@type":"WebPage","@id":"https:\/\/www.albergueplazacatedral.com\/en\/nuevo-ame-art-pamplona\/","url":"https:\/\/www.albergueplazacatedral.com\/en\/nuevo-ame-art-pamplona\/","name":"y de nuevo el ame & art en Pamplona - Hostel Plaza Catedral in Pamplona","isPartOf":{"@id":"https:\/\/www.albergueplazacatedral.com\/#website"},"primaryImageOfPage":{"@id":"https:\/\/www.albergueplazacatedral.com\/en\/nuevo-ame-art-pamplona\/#primaryimage"},"image":{"@id":"https:\/\/www.albergueplazacatedral.com\/en\/nuevo-ame-art-pamplona\/#primaryimage"},"thumbnailUrl":"https:\/\/www.albergueplazacatedral.com\/wp-content\/uploads\/2016\/03\/cartel-programa-web1.jpg","datePublished":"2016-03-12T11:12:07+00:00","breadcrumb":{"@id":"https:\/\/www.albergueplazacatedral.com\/en\/nuevo-ame-art-pamplona\/#breadcrumb"},"inLanguage":"en-US","potentialAction":[{"@type":"ReadAction","target":["https:\/\/www.albergueplazacatedral.com\/en\/nuevo-ame-art-pamplona\/"]}]},{"@type":"ImageObject","inLanguage":"en-US","@id":"https:\/\/www.albergueplazacatedral.com\/en\/nuevo-ame-art-pamplona\/#primaryimage","url":"https:\/\/www.albergueplazacatedral.com\/wp-content\/uploads\/2016\/03\/cartel-programa-web1.jpg","contentUrl":"https:\/\/www.albergueplazacatedral.com\/wp-content\/uploads\/2016\/03\/cartel-programa-web1.jpg","width":918,"height":953},{"@type":"BreadcrumbList","@id":"https:\/\/www.albergueplazacatedral.com\/en\/nuevo-ame-art-pamplona\/#breadcrumb","itemListElement":[{"@type":"ListItem","position":1,"name":"Portada","item":"https:\/\/www.albergueplazacatedral.com\/en\/"},{"@type":"ListItem","position":2,"name":"y de nuevo el ame &#038; art en Pamplona"}]},{"@type":"WebSite","@id":"https:\/\/www.albergueplazacatedral.com\/#website","url":"https:\/\/www.albergueplazacatedral.com\/","name":"Hostel Plaza Catedral in Pamplona","description":"Hostel Plaza Catedral en the old town of Pamplona (Navarra)","publisher":{"@id":"https:\/\/www.albergueplazacatedral.com\/#organization"},"potentialAction":[{"@type":"SearchAction","target":{"@type":"EntryPoint","urlTemplate":"https:\/\/www.albergueplazacatedral.com\/?s={search_term_string}"},"query-input":{"@type":"PropertyValueSpecification","valueRequired":true,"valueName":"search_term_string"}}],"inLanguage":"en-US"},{"@type":"Organization","@id":"https:\/\/www.albergueplazacatedral.com\/#organization","name":"Albergue Plaza Catedral","url":"https:\/\/www.albergueplazacatedral.com\/","logo":{"@type":"ImageObject","inLanguage":"en-US","@id":"https:\/\/www.albergueplazacatedral.com\/#\/schema\/logo\/image\/","url":"https:\/\/www.albergueplazacatedral.com\/wp-content\/uploads\/2015\/06\/albergue_logo.jpg","contentUrl":"https:\/\/www.albergueplazacatedral.com\/wp-content\/uploads\/2015\/06\/albergue_logo.jpg","width":600,"height":366,"caption":"Albergue Plaza Catedral"},"image":{"@id":"https:\/\/www.albergueplazacatedral.com\/#\/schema\/logo\/image\/"},"sameAs":["https:\/\/www.facebook.com\/albergueplazacatedral\/?ref=ts&amp;amp;amp;amp;fref=ts"]},{"@type":"Person","@id":"https:\/\/www.albergueplazacatedral.com\/#\/schema\/person\/f4cd0722fbaf455fcd7f9a2c4891ec4f","name":"Javier Francisco","image":{"@type":"ImageObject","inLanguage":"en-US","@id":"https:\/\/secure.gravatar.com\/avatar\/8cb874da36b0d82fcf79682e097ee927baf70051ba39298e59496870926e23a8?s=96&d=mm&r=g","url":"https:\/\/secure.gravatar.com\/avatar\/8cb874da36b0d82fcf79682e097ee927baf70051ba39298e59496870926e23a8?s=96&d=mm&r=g","contentUrl":"https:\/\/secure.gravatar.com\/avatar\/8cb874da36b0d82fcf79682e097ee927baf70051ba39298e59496870926e23a8?s=96&d=mm&r=g","caption":"Javier Francisco"},"url":"https:\/\/www.albergueplazacatedral.com\/en\/author\/francisco-javier\/"}]}},"_links":{"self":[{"href":"https:\/\/www.albergueplazacatedral.com\/en\/wp-json\/wp\/v2\/posts\/507","targetHints":{"allow":["GET"]}}],"collection":[{"href":"https:\/\/www.albergueplazacatedral.com\/en\/wp-json\/wp\/v2\/posts"}],"about":[{"href":"https:\/\/www.albergueplazacatedral.com\/en\/wp-json\/wp\/v2\/types\/post"}],"author":[{"embeddable":true,"href":"https:\/\/www.albergueplazacatedral.com\/en\/wp-json\/wp\/v2\/users\/2"}],"replies":[{"embeddable":true,"href":"https:\/\/www.albergueplazacatedral.com\/en\/wp-json\/wp\/v2\/comments?post=507"}],"version-history":[{"count":0,"href":"https:\/\/www.albergueplazacatedral.com\/en\/wp-json\/wp\/v2\/posts\/507\/revisions"}],"wp:featuredmedia":[{"embeddable":true,"href":"https:\/\/www.albergueplazacatedral.com\/en\/wp-json\/wp\/v2\/media\/505"}],"wp:attachment":[{"href":"https:\/\/www.albergueplazacatedral.com\/en\/wp-json\/wp\/v2\/media?parent=507"}],"wp:term":[{"taxonomy":"category","embeddable":true,"href":"https:\/\/www.albergueplazacatedral.com\/en\/wp-json\/wp\/v2\/categories?post=507"},{"taxonomy":"post_tag","embeddable":true,"href":"https:\/\/www.albergueplazacatedral.com\/en\/wp-json\/wp\/v2\/tags?post=507"}],"curies":[{"name":"wp","href":"https:\/\/api.w.org\/{rel}","templated":true}]}}