{"id":743,"date":"2017-03-01T11:08:34","date_gmt":"2017-03-01T11:08:34","guid":{"rendered":"https:\/\/www.albergueplazacatedral.com\/en\/vuelve-el-festival-de-cine-punto-de-vista-a-irunea\/"},"modified":"2017-03-01T11:08:34","modified_gmt":"2017-03-01T11:08:34","slug":"vuelve-el-festival-de-cine-punto-de-vista-a-irunea","status":"publish","type":"post","link":"https:\/\/www.albergueplazacatedral.com\/en\/vuelve-el-festival-de-cine-punto-de-vista-a-irunea\/","title":{"rendered":"VUELVE EL FESTIVAL DE CINE PUNTO DE VISTA A IRU\u00d1EA"},"content":{"rendered":"<p>y un a\u00f1o m\u00e1s, y ya van 11, el 5 de marzo arranca el festi de cine punto de vista en Pamplona &#8230; una cita important\u00edsima para tod@s aquell@s que est\u00e9n interesadas por el documental &#8230; cada a\u00f1o va creciendo y eso lo estamos notando en nuestro albergue; as\u00ed que aqu\u00ed estamos para cuidar a todo aquel que se acerque hasta nuestra city para disfrutar del punto de vista. aqu\u00ed os dejamos el enlace a la web del festival y os pod\u00e9is enterar de todo&#8230; una programaci\u00f3n muy cuidada y muy selecta&#8230;.<\/p>\n<p>http:\/\/www.puntodevistafestival.com\/es\/ultima_edicion.asp<\/p>\n<p><a href=\"https:\/\/www.albergueplazacatedral.com\/wp-content\/uploads\/2017\/03\/CARTELBAJA2.jpg\" rel=\"attachment wp-att-741\"><img loading=\"lazy\" decoding=\"async\" class=\"aligncenter size-full wp-image-741\" src=\"https:\/\/www.albergueplazacatedral.com\/wp-content\/uploads\/2017\/03\/CARTELBAJA2.jpg\" alt=\"CARTELBAJA(2)\" width=\"846\" height=\"1200\" srcset=\"https:\/\/www.albergueplazacatedral.com\/wp-content\/uploads\/2017\/03\/CARTELBAJA2.jpg 846w, https:\/\/www.albergueplazacatedral.com\/wp-content\/uploads\/2017\/03\/CARTELBAJA2-212x300.jpg 212w, https:\/\/www.albergueplazacatedral.com\/wp-content\/uploads\/2017\/03\/CARTELBAJA2-768x1089.jpg 768w, https:\/\/www.albergueplazacatedral.com\/wp-content\/uploads\/2017\/03\/CARTELBAJA2-722x1024.jpg 722w\" sizes=\"auto, (max-width: 846px) 100vw, 846px\" \/><\/a><\/p>\n","protected":false},"excerpt":{"rendered":"<p>y un a\u00f1o m\u00e1s, y ya van 11, el 5 de marzo arranca el festi de cine punto de vista en Pamplona &#8230; una cita important\u00edsima para tod@s aquell@s que&#8230;<\/p>\n","protected":false},"author":2,"featured_media":3492,"comment_status":"open","ping_status":"closed","sticky":false,"template":"","format":"standard","meta":{"_joinchat":[],"footnotes":""},"categories":[8],"tags":[],"class_list":["post-743","post","type-post","status-publish","format-standard","has-post-thumbnail","hentry","category-uncategorized"],"yoast_head":"<!-- This site is optimized with the Yoast SEO plugin v27.5 - https:\/\/yoast.com\/product\/yoast-seo-wordpress\/ -->\n<title>VUELVE EL FESTIVAL DE CINE PUNTO DE VISTA A IRU\u00d1EA - Hostel Plaza Catedral in Pamplona<\/title>\n<meta name=\"robots\" content=\"index, follow, max-snippet:-1, max-image-preview:large, max-video-preview:-1\" \/>\n<link rel=\"canonical\" href=\"https:\/\/www.albergueplazacatedral.com\/en\/vuelve-el-festival-de-cine-punto-de-vista-a-irunea\/\" \/>\n<meta property=\"og:locale\" content=\"en_US\" \/>\n<meta property=\"og:type\" content=\"article\" \/>\n<meta property=\"og:title\" content=\"VUELVE EL FESTIVAL DE CINE PUNTO DE VISTA A IRU\u00d1EA - Hostel Plaza Catedral in Pamplona\" \/>\n<meta property=\"og:description\" content=\"y un a\u00f1o m\u00e1s, y ya van 11, el 5 de marzo arranca el festi de cine punto de vista en Pamplona &#8230; una cita important\u00edsima para tod@s aquell@s que...\" \/>\n<meta property=\"og:url\" content=\"https:\/\/www.albergueplazacatedral.com\/en\/vuelve-el-festival-de-cine-punto-de-vista-a-irunea\/\" \/>\n<meta property=\"og:site_name\" content=\"Hostel Plaza Catedral in Pamplona\" \/>\n<meta property=\"article:publisher\" content=\"https:\/\/www.facebook.com\/albergueplazacatedral\/?ref=ts&amp;amp%3bamp%3bamp%3bamp%3bfref=ts\" \/>\n<meta property=\"article:published_time\" content=\"2017-03-01T11:08:34+00:00\" \/>\n<meta property=\"og:image\" content=\"https:\/\/www.albergueplazacatedral.com\/wp-content\/uploads\/2017\/03\/CARTELBAJA2.jpg\" \/>\n<meta name=\"author\" content=\"Javier Francisco\" \/>\n<meta name=\"twitter:card\" content=\"summary_large_image\" \/>\n<meta name=\"twitter:label1\" content=\"Written by\" \/>\n\t<meta name=\"twitter:data1\" content=\"Javier Francisco\" \/>\n\t<meta name=\"twitter:label2\" content=\"Est. reading time\" \/>\n\t<meta name=\"twitter:data2\" content=\"1 minute\" \/>\n<script type=\"application\/ld+json\" class=\"yoast-schema-graph\">{\"@context\":\"https:\\\/\\\/schema.org\",\"@graph\":[{\"@type\":\"Article\",\"@id\":\"https:\\\/\\\/www.albergueplazacatedral.com\\\/en\\\/vuelve-el-festival-de-cine-punto-de-vista-a-irunea\\\/#article\",\"isPartOf\":{\"@id\":\"https:\\\/\\\/www.albergueplazacatedral.com\\\/en\\\/vuelve-el-festival-de-cine-punto-de-vista-a-irunea\\\/\"},\"author\":{\"name\":\"Javier Francisco\",\"@id\":\"https:\\\/\\\/www.albergueplazacatedral.com\\\/#\\\/schema\\\/person\\\/f4cd0722fbaf455fcd7f9a2c4891ec4f\"},\"headline\":\"VUELVE EL FESTIVAL DE CINE PUNTO DE VISTA A IRU\u00d1EA\",\"datePublished\":\"2017-03-01T11:08:34+00:00\",\"mainEntityOfPage\":{\"@id\":\"https:\\\/\\\/www.albergueplazacatedral.com\\\/en\\\/vuelve-el-festival-de-cine-punto-de-vista-a-irunea\\\/\"},\"wordCount\":116,\"commentCount\":0,\"publisher\":{\"@id\":\"https:\\\/\\\/www.albergueplazacatedral.com\\\/#organization\"},\"image\":{\"@id\":\"https:\\\/\\\/www.albergueplazacatedral.com\\\/en\\\/vuelve-el-festival-de-cine-punto-de-vista-a-irunea\\\/#primaryimage\"},\"thumbnailUrl\":\"https:\\\/\\\/www.albergueplazacatedral.com\\\/wp-content\\\/uploads\\\/2017\\\/03\\\/cine-1.jpg\",\"inLanguage\":\"en-US\",\"potentialAction\":[{\"@type\":\"CommentAction\",\"name\":\"Comment\",\"target\":[\"https:\\\/\\\/www.albergueplazacatedral.com\\\/en\\\/vuelve-el-festival-de-cine-punto-de-vista-a-irunea\\\/#respond\"]}]},{\"@type\":\"WebPage\",\"@id\":\"https:\\\/\\\/www.albergueplazacatedral.com\\\/en\\\/vuelve-el-festival-de-cine-punto-de-vista-a-irunea\\\/\",\"url\":\"https:\\\/\\\/www.albergueplazacatedral.com\\\/en\\\/vuelve-el-festival-de-cine-punto-de-vista-a-irunea\\\/\",\"name\":\"VUELVE EL FESTIVAL DE CINE PUNTO DE VISTA A IRU\u00d1EA - Hostel Plaza Catedral in Pamplona\",\"isPartOf\":{\"@id\":\"https:\\\/\\\/www.albergueplazacatedral.com\\\/#website\"},\"primaryImageOfPage\":{\"@id\":\"https:\\\/\\\/www.albergueplazacatedral.com\\\/en\\\/vuelve-el-festival-de-cine-punto-de-vista-a-irunea\\\/#primaryimage\"},\"image\":{\"@id\":\"https:\\\/\\\/www.albergueplazacatedral.com\\\/en\\\/vuelve-el-festival-de-cine-punto-de-vista-a-irunea\\\/#primaryimage\"},\"thumbnailUrl\":\"https:\\\/\\\/www.albergueplazacatedral.com\\\/wp-content\\\/uploads\\\/2017\\\/03\\\/cine-1.jpg\",\"datePublished\":\"2017-03-01T11:08:34+00:00\",\"breadcrumb\":{\"@id\":\"https:\\\/\\\/www.albergueplazacatedral.com\\\/en\\\/vuelve-el-festival-de-cine-punto-de-vista-a-irunea\\\/#breadcrumb\"},\"inLanguage\":\"en-US\",\"potentialAction\":[{\"@type\":\"ReadAction\",\"target\":[\"https:\\\/\\\/www.albergueplazacatedral.com\\\/en\\\/vuelve-el-festival-de-cine-punto-de-vista-a-irunea\\\/\"]}]},{\"@type\":\"ImageObject\",\"inLanguage\":\"en-US\",\"@id\":\"https:\\\/\\\/www.albergueplazacatedral.com\\\/en\\\/vuelve-el-festival-de-cine-punto-de-vista-a-irunea\\\/#primaryimage\",\"url\":\"https:\\\/\\\/www.albergueplazacatedral.com\\\/wp-content\\\/uploads\\\/2017\\\/03\\\/cine-1.jpg\",\"contentUrl\":\"https:\\\/\\\/www.albergueplazacatedral.com\\\/wp-content\\\/uploads\\\/2017\\\/03\\\/cine-1.jpg\",\"width\":206,\"height\":293},{\"@type\":\"BreadcrumbList\",\"@id\":\"https:\\\/\\\/www.albergueplazacatedral.com\\\/en\\\/vuelve-el-festival-de-cine-punto-de-vista-a-irunea\\\/#breadcrumb\",\"itemListElement\":[{\"@type\":\"ListItem\",\"position\":1,\"name\":\"Portada\",\"item\":\"https:\\\/\\\/www.albergueplazacatedral.com\\\/en\\\/\"},{\"@type\":\"ListItem\",\"position\":2,\"name\":\"VUELVE EL FESTIVAL DE CINE PUNTO DE VISTA A IRU\u00d1EA\"}]},{\"@type\":\"WebSite\",\"@id\":\"https:\\\/\\\/www.albergueplazacatedral.com\\\/#website\",\"url\":\"https:\\\/\\\/www.albergueplazacatedral.com\\\/\",\"name\":\"Hostel Plaza Catedral in Pamplona\",\"description\":\"Hostel Plaza Catedral en the old town of Pamplona (Navarra)\",\"publisher\":{\"@id\":\"https:\\\/\\\/www.albergueplazacatedral.com\\\/#organization\"},\"potentialAction\":[{\"@type\":\"SearchAction\",\"target\":{\"@type\":\"EntryPoint\",\"urlTemplate\":\"https:\\\/\\\/www.albergueplazacatedral.com\\\/?s={search_term_string}\"},\"query-input\":{\"@type\":\"PropertyValueSpecification\",\"valueRequired\":true,\"valueName\":\"search_term_string\"}}],\"inLanguage\":\"en-US\"},{\"@type\":\"Organization\",\"@id\":\"https:\\\/\\\/www.albergueplazacatedral.com\\\/#organization\",\"name\":\"Albergue Plaza Catedral\",\"url\":\"https:\\\/\\\/www.albergueplazacatedral.com\\\/\",\"logo\":{\"@type\":\"ImageObject\",\"inLanguage\":\"en-US\",\"@id\":\"https:\\\/\\\/www.albergueplazacatedral.com\\\/#\\\/schema\\\/logo\\\/image\\\/\",\"url\":\"https:\\\/\\\/www.albergueplazacatedral.com\\\/wp-content\\\/uploads\\\/2015\\\/06\\\/albergue_logo.jpg\",\"contentUrl\":\"https:\\\/\\\/www.albergueplazacatedral.com\\\/wp-content\\\/uploads\\\/2015\\\/06\\\/albergue_logo.jpg\",\"width\":600,\"height\":366,\"caption\":\"Albergue Plaza Catedral\"},\"image\":{\"@id\":\"https:\\\/\\\/www.albergueplazacatedral.com\\\/#\\\/schema\\\/logo\\\/image\\\/\"},\"sameAs\":[\"https:\\\/\\\/www.facebook.com\\\/albergueplazacatedral\\\/?ref=ts&amp;amp;amp;amp;fref=ts\"]},{\"@type\":\"Person\",\"@id\":\"https:\\\/\\\/www.albergueplazacatedral.com\\\/#\\\/schema\\\/person\\\/f4cd0722fbaf455fcd7f9a2c4891ec4f\",\"name\":\"Javier Francisco\",\"image\":{\"@type\":\"ImageObject\",\"inLanguage\":\"en-US\",\"@id\":\"https:\\\/\\\/secure.gravatar.com\\\/avatar\\\/8cb874da36b0d82fcf79682e097ee927baf70051ba39298e59496870926e23a8?s=96&d=mm&r=g\",\"url\":\"https:\\\/\\\/secure.gravatar.com\\\/avatar\\\/8cb874da36b0d82fcf79682e097ee927baf70051ba39298e59496870926e23a8?s=96&d=mm&r=g\",\"contentUrl\":\"https:\\\/\\\/secure.gravatar.com\\\/avatar\\\/8cb874da36b0d82fcf79682e097ee927baf70051ba39298e59496870926e23a8?s=96&d=mm&r=g\",\"caption\":\"Javier Francisco\"},\"url\":\"https:\\\/\\\/www.albergueplazacatedral.com\\\/en\\\/author\\\/francisco-javier\\\/\"}]}<\/script>\n<!-- \/ Yoast SEO plugin. -->","yoast_head_json":{"title":"VUELVE EL FESTIVAL DE CINE PUNTO DE VISTA A IRU\u00d1EA - Hostel Plaza Catedral in Pamplona","robots":{"index":"index","follow":"follow","max-snippet":"max-snippet:-1","max-image-preview":"max-image-preview:large","max-video-preview":"max-video-preview:-1"},"canonical":"https:\/\/www.albergueplazacatedral.com\/en\/vuelve-el-festival-de-cine-punto-de-vista-a-irunea\/","og_locale":"en_US","og_type":"article","og_title":"VUELVE EL FESTIVAL DE CINE PUNTO DE VISTA A IRU\u00d1EA - Hostel Plaza Catedral in Pamplona","og_description":"y un a\u00f1o m\u00e1s, y ya van 11, el 5 de marzo arranca el festi de cine punto de vista en Pamplona &#8230; una cita important\u00edsima para tod@s aquell@s que...","og_url":"https:\/\/www.albergueplazacatedral.com\/en\/vuelve-el-festival-de-cine-punto-de-vista-a-irunea\/","og_site_name":"Hostel Plaza Catedral in Pamplona","article_publisher":"https:\/\/www.facebook.com\/albergueplazacatedral\/?ref=ts&amp%3bamp%3bamp%3bamp%3bfref=ts","article_published_time":"2017-03-01T11:08:34+00:00","og_image":[{"url":"https:\/\/www.albergueplazacatedral.com\/wp-content\/uploads\/2017\/03\/CARTELBAJA2.jpg","type":"","width":"","height":""}],"author":"Javier Francisco","twitter_card":"summary_large_image","twitter_misc":{"Written by":"Javier Francisco","Est. reading time":"1 minute"},"schema":{"@context":"https:\/\/schema.org","@graph":[{"@type":"Article","@id":"https:\/\/www.albergueplazacatedral.com\/en\/vuelve-el-festival-de-cine-punto-de-vista-a-irunea\/#article","isPartOf":{"@id":"https:\/\/www.albergueplazacatedral.com\/en\/vuelve-el-festival-de-cine-punto-de-vista-a-irunea\/"},"author":{"name":"Javier Francisco","@id":"https:\/\/www.albergueplazacatedral.com\/#\/schema\/person\/f4cd0722fbaf455fcd7f9a2c4891ec4f"},"headline":"VUELVE EL FESTIVAL DE CINE PUNTO DE VISTA A IRU\u00d1EA","datePublished":"2017-03-01T11:08:34+00:00","mainEntityOfPage":{"@id":"https:\/\/www.albergueplazacatedral.com\/en\/vuelve-el-festival-de-cine-punto-de-vista-a-irunea\/"},"wordCount":116,"commentCount":0,"publisher":{"@id":"https:\/\/www.albergueplazacatedral.com\/#organization"},"image":{"@id":"https:\/\/www.albergueplazacatedral.com\/en\/vuelve-el-festival-de-cine-punto-de-vista-a-irunea\/#primaryimage"},"thumbnailUrl":"https:\/\/www.albergueplazacatedral.com\/wp-content\/uploads\/2017\/03\/cine-1.jpg","inLanguage":"en-US","potentialAction":[{"@type":"CommentAction","name":"Comment","target":["https:\/\/www.albergueplazacatedral.com\/en\/vuelve-el-festival-de-cine-punto-de-vista-a-irunea\/#respond"]}]},{"@type":"WebPage","@id":"https:\/\/www.albergueplazacatedral.com\/en\/vuelve-el-festival-de-cine-punto-de-vista-a-irunea\/","url":"https:\/\/www.albergueplazacatedral.com\/en\/vuelve-el-festival-de-cine-punto-de-vista-a-irunea\/","name":"VUELVE EL FESTIVAL DE CINE PUNTO DE VISTA A IRU\u00d1EA - Hostel Plaza Catedral in Pamplona","isPartOf":{"@id":"https:\/\/www.albergueplazacatedral.com\/#website"},"primaryImageOfPage":{"@id":"https:\/\/www.albergueplazacatedral.com\/en\/vuelve-el-festival-de-cine-punto-de-vista-a-irunea\/#primaryimage"},"image":{"@id":"https:\/\/www.albergueplazacatedral.com\/en\/vuelve-el-festival-de-cine-punto-de-vista-a-irunea\/#primaryimage"},"thumbnailUrl":"https:\/\/www.albergueplazacatedral.com\/wp-content\/uploads\/2017\/03\/cine-1.jpg","datePublished":"2017-03-01T11:08:34+00:00","breadcrumb":{"@id":"https:\/\/www.albergueplazacatedral.com\/en\/vuelve-el-festival-de-cine-punto-de-vista-a-irunea\/#breadcrumb"},"inLanguage":"en-US","potentialAction":[{"@type":"ReadAction","target":["https:\/\/www.albergueplazacatedral.com\/en\/vuelve-el-festival-de-cine-punto-de-vista-a-irunea\/"]}]},{"@type":"ImageObject","inLanguage":"en-US","@id":"https:\/\/www.albergueplazacatedral.com\/en\/vuelve-el-festival-de-cine-punto-de-vista-a-irunea\/#primaryimage","url":"https:\/\/www.albergueplazacatedral.com\/wp-content\/uploads\/2017\/03\/cine-1.jpg","contentUrl":"https:\/\/www.albergueplazacatedral.com\/wp-content\/uploads\/2017\/03\/cine-1.jpg","width":206,"height":293},{"@type":"BreadcrumbList","@id":"https:\/\/www.albergueplazacatedral.com\/en\/vuelve-el-festival-de-cine-punto-de-vista-a-irunea\/#breadcrumb","itemListElement":[{"@type":"ListItem","position":1,"name":"Portada","item":"https:\/\/www.albergueplazacatedral.com\/en\/"},{"@type":"ListItem","position":2,"name":"VUELVE EL FESTIVAL DE CINE PUNTO DE VISTA A IRU\u00d1EA"}]},{"@type":"WebSite","@id":"https:\/\/www.albergueplazacatedral.com\/#website","url":"https:\/\/www.albergueplazacatedral.com\/","name":"Hostel Plaza Catedral in Pamplona","description":"Hostel Plaza Catedral en the old town of Pamplona (Navarra)","publisher":{"@id":"https:\/\/www.albergueplazacatedral.com\/#organization"},"potentialAction":[{"@type":"SearchAction","target":{"@type":"EntryPoint","urlTemplate":"https:\/\/www.albergueplazacatedral.com\/?s={search_term_string}"},"query-input":{"@type":"PropertyValueSpecification","valueRequired":true,"valueName":"search_term_string"}}],"inLanguage":"en-US"},{"@type":"Organization","@id":"https:\/\/www.albergueplazacatedral.com\/#organization","name":"Albergue Plaza Catedral","url":"https:\/\/www.albergueplazacatedral.com\/","logo":{"@type":"ImageObject","inLanguage":"en-US","@id":"https:\/\/www.albergueplazacatedral.com\/#\/schema\/logo\/image\/","url":"https:\/\/www.albergueplazacatedral.com\/wp-content\/uploads\/2015\/06\/albergue_logo.jpg","contentUrl":"https:\/\/www.albergueplazacatedral.com\/wp-content\/uploads\/2015\/06\/albergue_logo.jpg","width":600,"height":366,"caption":"Albergue Plaza Catedral"},"image":{"@id":"https:\/\/www.albergueplazacatedral.com\/#\/schema\/logo\/image\/"},"sameAs":["https:\/\/www.facebook.com\/albergueplazacatedral\/?ref=ts&amp;amp;amp;amp;fref=ts"]},{"@type":"Person","@id":"https:\/\/www.albergueplazacatedral.com\/#\/schema\/person\/f4cd0722fbaf455fcd7f9a2c4891ec4f","name":"Javier Francisco","image":{"@type":"ImageObject","inLanguage":"en-US","@id":"https:\/\/secure.gravatar.com\/avatar\/8cb874da36b0d82fcf79682e097ee927baf70051ba39298e59496870926e23a8?s=96&d=mm&r=g","url":"https:\/\/secure.gravatar.com\/avatar\/8cb874da36b0d82fcf79682e097ee927baf70051ba39298e59496870926e23a8?s=96&d=mm&r=g","contentUrl":"https:\/\/secure.gravatar.com\/avatar\/8cb874da36b0d82fcf79682e097ee927baf70051ba39298e59496870926e23a8?s=96&d=mm&r=g","caption":"Javier Francisco"},"url":"https:\/\/www.albergueplazacatedral.com\/en\/author\/francisco-javier\/"}]}},"_links":{"self":[{"href":"https:\/\/www.albergueplazacatedral.com\/en\/wp-json\/wp\/v2\/posts\/743","targetHints":{"allow":["GET"]}}],"collection":[{"href":"https:\/\/www.albergueplazacatedral.com\/en\/wp-json\/wp\/v2\/posts"}],"about":[{"href":"https:\/\/www.albergueplazacatedral.com\/en\/wp-json\/wp\/v2\/types\/post"}],"author":[{"embeddable":true,"href":"https:\/\/www.albergueplazacatedral.com\/en\/wp-json\/wp\/v2\/users\/2"}],"replies":[{"embeddable":true,"href":"https:\/\/www.albergueplazacatedral.com\/en\/wp-json\/wp\/v2\/comments?post=743"}],"version-history":[{"count":0,"href":"https:\/\/www.albergueplazacatedral.com\/en\/wp-json\/wp\/v2\/posts\/743\/revisions"}],"wp:featuredmedia":[{"embeddable":true,"href":"https:\/\/www.albergueplazacatedral.com\/en\/wp-json\/wp\/v2\/media\/3492"}],"wp:attachment":[{"href":"https:\/\/www.albergueplazacatedral.com\/en\/wp-json\/wp\/v2\/media?parent=743"}],"wp:term":[{"taxonomy":"category","embeddable":true,"href":"https:\/\/www.albergueplazacatedral.com\/en\/wp-json\/wp\/v2\/categories?post=743"},{"taxonomy":"post_tag","embeddable":true,"href":"https:\/\/www.albergueplazacatedral.com\/en\/wp-json\/wp\/v2\/tags?post=743"}],"curies":[{"name":"wp","href":"https:\/\/api.w.org\/{rel}","templated":true}]}}