{"id":466,"date":"2015-12-13T11:13:56","date_gmt":"2015-12-13T11:13:56","guid":{"rendered":"https:\/\/www.albergueplazacatedral.com\/eu\/albergue-plaza-catedral-conociendo-pamplona-conociendo-navarra\/"},"modified":"2015-12-13T11:13:56","modified_gmt":"2015-12-13T11:13:56","slug":"albergue-plaza-catedral-conociendo-pamplona-conociendo-navarra","status":"publish","type":"post","link":"https:\/\/www.albergueplazacatedral.com\/eu\/albergue-plaza-catedral-conociendo-pamplona-conociendo-navarra\/","title":{"rendered":"Albergue Plaza Catedral. Conociendo Pamplona, conociendo Navarra."},"content":{"rendered":"<p class=\"p1\">Sorprendente, beautiful, merveilleux, &#8230; Todos nuestros hu\u00e9spedes se quedan <strong>encantados con Pamplona<\/strong>, una peque\u00f1a ciudad conocida casi exclusivamente por los <strong>Sanfermines<\/strong> pero que ofrece mucho m\u00e1s en todos los niveles: la parte vieja extensa y agradable para perderse\u00a0 por sus calles, pasear por las murallas y conocer a fondo enclaves como nuestra catedral; <strong>zonas verdes<\/strong> para caminatas o recorridos en bici; el <strong>ambiente<\/strong> en la calle y\u00a0un buen n\u00famero\u00a0de diferentes eventos diarios; la <strong>gastronom\u00eda<\/strong> siempre presente y siempre imponente &#8230; y para aquellos que quieran ir m\u00e1s all\u00e1, la <strong>diversidad de Navarra<\/strong> que va desde el verde de las monta\u00f1as del norte a la arena de las Bardenas en el sur pasando por multitud de interesantes pueblos y lugares que visitar.<\/p>\n<p class=\"p1\">Pamplona-Iru\u00f1ea y Navarra-Nafarroa realmente son una estupenda alternativa vacacional que puedes disfrutar desde nuestro albergue.<\/p>\n<p class=\"p1\">Nosotros te lo pondremos muy f\u00e1cil si te animas &#8230; Te esperamos.<\/p>\n<div id=\"attachment_354\" style=\"width: 1034px\" class=\"wp-caption aligncenter\"><a href=\"https:\/\/www.albergueplazacatedral.com\/wp-content\/uploads\/2015\/12\/P1040377.jpg\"><img loading=\"lazy\" decoding=\"async\" aria-describedby=\"caption-attachment-354\" class=\"size-large wp-image-354\" src=\"https:\/\/www.albergueplazacatedral.com\/wp-content\/uploads\/2015\/12\/P1040377-1024x768.jpg\" alt=\"Vista de Pamplona desde la Catedral\" width=\"1024\" height=\"768\" srcset=\"https:\/\/www.albergueplazacatedral.com\/wp-content\/uploads\/2015\/12\/P1040377-1024x768.jpg 1024w, https:\/\/www.albergueplazacatedral.com\/wp-content\/uploads\/2015\/12\/P1040377-300x225.jpg 300w, https:\/\/www.albergueplazacatedral.com\/wp-content\/uploads\/2015\/12\/P1040377.jpg 1500w\" sizes=\"auto, (max-width: 1024px) 100vw, 1024px\" \/><\/a><p id=\"caption-attachment-354\" class=\"wp-caption-text\">Vista de Pamplona desde la Catedral<\/p><\/div>\n","protected":false},"excerpt":{"rendered":"<p>Sorprendente, beautiful, merveilleux, &#8230; Todos nuestros hu\u00e9spedes se quedan encantados con Pamplona, una peque\u00f1a ciudad conocida casi exclusivamente por los Sanfermines pero que ofrece mucho m\u00e1s en todos los niveles:&#8230;<\/p>\n","protected":false},"author":1,"featured_media":354,"comment_status":"open","ping_status":"closed","sticky":false,"template":"","format":"standard","meta":{"_joinchat":[],"footnotes":""},"categories":[12,16],"tags":[],"class_list":["post-466","post","type-post","status-publish","format-standard","has-post-thumbnail","hentry","category-ocio-eu","category-turismo-eu"],"yoast_head":"<!-- This site is optimized with the Yoast SEO plugin v27.5 - https:\/\/yoast.com\/product\/yoast-seo-wordpress\/ -->\n<title>Albergue Plaza Catedral. Conociendo Pamplona, conociendo Navarra. - Iru\u00f1eako Katedral Enparantza Aterpea<\/title>\n<meta name=\"robots\" content=\"index, follow, max-snippet:-1, max-image-preview:large, max-video-preview:-1\" \/>\n<link rel=\"canonical\" href=\"https:\/\/www.albergueplazacatedral.com\/eu\/albergue-plaza-catedral-conociendo-pamplona-conociendo-navarra\/\" \/>\n<meta property=\"og:locale\" content=\"en_US\" \/>\n<meta property=\"og:type\" content=\"article\" \/>\n<meta property=\"og:title\" content=\"Albergue Plaza Catedral. Conociendo Pamplona, conociendo Navarra. - Iru\u00f1eako Katedral Enparantza Aterpea\" \/>\n<meta property=\"og:description\" content=\"Sorprendente, beautiful, merveilleux, &#8230; Todos nuestros hu\u00e9spedes se quedan encantados con Pamplona, una peque\u00f1a ciudad conocida casi exclusivamente por los Sanfermines pero que ofrece mucho m\u00e1s en todos los niveles:...\" \/>\n<meta property=\"og:url\" content=\"https:\/\/www.albergueplazacatedral.com\/eu\/albergue-plaza-catedral-conociendo-pamplona-conociendo-navarra\/\" \/>\n<meta property=\"og:site_name\" content=\"Iru\u00f1eako Katedral Enparantza Aterpea\" \/>\n<meta property=\"article:publisher\" content=\"https:\/\/www.facebook.com\/albergueplazacatedral\/?ref=ts&amp;amp%3bamp%3bamp%3bamp%3bfref=ts\" \/>\n<meta property=\"article:published_time\" content=\"2015-12-13T11:13:56+00:00\" \/>\n<meta property=\"og:image\" content=\"https:\/\/www.albergueplazacatedral.com\/wp-content\/uploads\/2015\/12\/P1040377.jpg\" \/>\n\t<meta property=\"og:image:width\" content=\"1500\" \/>\n\t<meta property=\"og:image:height\" content=\"1125\" \/>\n\t<meta property=\"og:image:type\" content=\"image\/jpeg\" \/>\n<meta name=\"author\" content=\"Web Master\" \/>\n<meta name=\"twitter:card\" content=\"summary_large_image\" \/>\n<meta name=\"twitter:label1\" content=\"Written by\" \/>\n\t<meta name=\"twitter:data1\" content=\"Web Master\" \/>\n\t<meta name=\"twitter:label2\" content=\"Est. reading time\" \/>\n\t<meta name=\"twitter:data2\" content=\"1 minutua\" \/>\n<script type=\"application\/ld+json\" class=\"yoast-schema-graph\">{\"@context\":\"https:\\\/\\\/schema.org\",\"@graph\":[{\"@type\":\"Article\",\"@id\":\"https:\\\/\\\/www.albergueplazacatedral.com\\\/eu\\\/albergue-plaza-catedral-conociendo-pamplona-conociendo-navarra\\\/#article\",\"isPartOf\":{\"@id\":\"https:\\\/\\\/www.albergueplazacatedral.com\\\/eu\\\/albergue-plaza-catedral-conociendo-pamplona-conociendo-navarra\\\/\"},\"author\":{\"name\":\"Web Master\",\"@id\":\"https:\\\/\\\/www.albergueplazacatedral.com\\\/#\\\/schema\\\/person\\\/4847b8a253b913b4fd5e508765aebeef\"},\"headline\":\"Albergue Plaza Catedral. Conociendo Pamplona, conociendo Navarra.\",\"datePublished\":\"2015-12-13T11:13:56+00:00\",\"mainEntityOfPage\":{\"@id\":\"https:\\\/\\\/www.albergueplazacatedral.com\\\/eu\\\/albergue-plaza-catedral-conociendo-pamplona-conociendo-navarra\\\/\"},\"wordCount\":176,\"commentCount\":0,\"publisher\":{\"@id\":\"https:\\\/\\\/www.albergueplazacatedral.com\\\/#organization\"},\"image\":{\"@id\":\"https:\\\/\\\/www.albergueplazacatedral.com\\\/eu\\\/albergue-plaza-catedral-conociendo-pamplona-conociendo-navarra\\\/#primaryimage\"},\"thumbnailUrl\":\"https:\\\/\\\/www.albergueplazacatedral.com\\\/wp-content\\\/uploads\\\/2015\\\/12\\\/P1040377.jpg\",\"articleSection\":[\"Ocio\",\"Turismo\"],\"inLanguage\":\"eu\",\"potentialAction\":[{\"@type\":\"CommentAction\",\"name\":\"Comment\",\"target\":[\"https:\\\/\\\/www.albergueplazacatedral.com\\\/eu\\\/albergue-plaza-catedral-conociendo-pamplona-conociendo-navarra\\\/#respond\"]}]},{\"@type\":\"WebPage\",\"@id\":\"https:\\\/\\\/www.albergueplazacatedral.com\\\/eu\\\/albergue-plaza-catedral-conociendo-pamplona-conociendo-navarra\\\/\",\"url\":\"https:\\\/\\\/www.albergueplazacatedral.com\\\/eu\\\/albergue-plaza-catedral-conociendo-pamplona-conociendo-navarra\\\/\",\"name\":\"Albergue Plaza Catedral. Conociendo Pamplona, conociendo Navarra. - Iru\u00f1eako Katedral Enparantza Aterpea\",\"isPartOf\":{\"@id\":\"https:\\\/\\\/www.albergueplazacatedral.com\\\/#website\"},\"primaryImageOfPage\":{\"@id\":\"https:\\\/\\\/www.albergueplazacatedral.com\\\/eu\\\/albergue-plaza-catedral-conociendo-pamplona-conociendo-navarra\\\/#primaryimage\"},\"image\":{\"@id\":\"https:\\\/\\\/www.albergueplazacatedral.com\\\/eu\\\/albergue-plaza-catedral-conociendo-pamplona-conociendo-navarra\\\/#primaryimage\"},\"thumbnailUrl\":\"https:\\\/\\\/www.albergueplazacatedral.com\\\/wp-content\\\/uploads\\\/2015\\\/12\\\/P1040377.jpg\",\"datePublished\":\"2015-12-13T11:13:56+00:00\",\"breadcrumb\":{\"@id\":\"https:\\\/\\\/www.albergueplazacatedral.com\\\/eu\\\/albergue-plaza-catedral-conociendo-pamplona-conociendo-navarra\\\/#breadcrumb\"},\"inLanguage\":\"eu\",\"potentialAction\":[{\"@type\":\"ReadAction\",\"target\":[\"https:\\\/\\\/www.albergueplazacatedral.com\\\/eu\\\/albergue-plaza-catedral-conociendo-pamplona-conociendo-navarra\\\/\"]}]},{\"@type\":\"ImageObject\",\"inLanguage\":\"eu\",\"@id\":\"https:\\\/\\\/www.albergueplazacatedral.com\\\/eu\\\/albergue-plaza-catedral-conociendo-pamplona-conociendo-navarra\\\/#primaryimage\",\"url\":\"https:\\\/\\\/www.albergueplazacatedral.com\\\/wp-content\\\/uploads\\\/2015\\\/12\\\/P1040377.jpg\",\"contentUrl\":\"https:\\\/\\\/www.albergueplazacatedral.com\\\/wp-content\\\/uploads\\\/2015\\\/12\\\/P1040377.jpg\",\"width\":1500,\"height\":1125,\"caption\":\"Vista de Pamplona desde la Catedral\"},{\"@type\":\"BreadcrumbList\",\"@id\":\"https:\\\/\\\/www.albergueplazacatedral.com\\\/eu\\\/albergue-plaza-catedral-conociendo-pamplona-conociendo-navarra\\\/#breadcrumb\",\"itemListElement\":[{\"@type\":\"ListItem\",\"position\":1,\"name\":\"Portada\",\"item\":\"https:\\\/\\\/www.albergueplazacatedral.com\\\/eu\\\/\"},{\"@type\":\"ListItem\",\"position\":2,\"name\":\"Albergue Plaza Catedral. Conociendo Pamplona, conociendo Navarra.\"}]},{\"@type\":\"WebSite\",\"@id\":\"https:\\\/\\\/www.albergueplazacatedral.com\\\/#website\",\"url\":\"https:\\\/\\\/www.albergueplazacatedral.com\\\/\",\"name\":\"Iru\u00f1eako Katedral Enparantza Aterpea\",\"description\":\"Toki ezin hobea Iru\u00f1eako erdigunean\",\"publisher\":{\"@id\":\"https:\\\/\\\/www.albergueplazacatedral.com\\\/#organization\"},\"potentialAction\":[{\"@type\":\"SearchAction\",\"target\":{\"@type\":\"EntryPoint\",\"urlTemplate\":\"https:\\\/\\\/www.albergueplazacatedral.com\\\/?s={search_term_string}\"},\"query-input\":{\"@type\":\"PropertyValueSpecification\",\"valueRequired\":true,\"valueName\":\"search_term_string\"}}],\"inLanguage\":\"eu\"},{\"@type\":\"Organization\",\"@id\":\"https:\\\/\\\/www.albergueplazacatedral.com\\\/#organization\",\"name\":\"Albergue Plaza Catedral\",\"url\":\"https:\\\/\\\/www.albergueplazacatedral.com\\\/\",\"logo\":{\"@type\":\"ImageObject\",\"inLanguage\":\"eu\",\"@id\":\"https:\\\/\\\/www.albergueplazacatedral.com\\\/#\\\/schema\\\/logo\\\/image\\\/\",\"url\":\"https:\\\/\\\/www.albergueplazacatedral.com\\\/wp-content\\\/uploads\\\/2015\\\/06\\\/albergue_logo.jpg\",\"contentUrl\":\"https:\\\/\\\/www.albergueplazacatedral.com\\\/wp-content\\\/uploads\\\/2015\\\/06\\\/albergue_logo.jpg\",\"width\":600,\"height\":366,\"caption\":\"Albergue Plaza Catedral\"},\"image\":{\"@id\":\"https:\\\/\\\/www.albergueplazacatedral.com\\\/#\\\/schema\\\/logo\\\/image\\\/\"},\"sameAs\":[\"https:\\\/\\\/www.facebook.com\\\/albergueplazacatedral\\\/?ref=ts&amp;amp;amp;amp;fref=ts\"]},{\"@type\":\"Person\",\"@id\":\"https:\\\/\\\/www.albergueplazacatedral.com\\\/#\\\/schema\\\/person\\\/4847b8a253b913b4fd5e508765aebeef\",\"name\":\"Web Master\",\"image\":{\"@type\":\"ImageObject\",\"inLanguage\":\"eu\",\"@id\":\"https:\\\/\\\/secure.gravatar.com\\\/avatar\\\/08c5b589e26ef76289476ca748da804c2930f8d324d7f1d88c1ddee916c36863?s=96&d=mm&r=g\",\"url\":\"https:\\\/\\\/secure.gravatar.com\\\/avatar\\\/08c5b589e26ef76289476ca748da804c2930f8d324d7f1d88c1ddee916c36863?s=96&d=mm&r=g\",\"contentUrl\":\"https:\\\/\\\/secure.gravatar.com\\\/avatar\\\/08c5b589e26ef76289476ca748da804c2930f8d324d7f1d88c1ddee916c36863?s=96&d=mm&r=g\",\"caption\":\"Web Master\"},\"url\":\"https:\\\/\\\/www.albergueplazacatedral.com\\\/eu\\\/author\\\/webmaster\\\/\"}]}<\/script>\n<!-- \/ Yoast SEO plugin. -->","yoast_head_json":{"title":"Albergue Plaza Catedral. Conociendo Pamplona, conociendo Navarra. - Iru\u00f1eako Katedral Enparantza Aterpea","robots":{"index":"index","follow":"follow","max-snippet":"max-snippet:-1","max-image-preview":"max-image-preview:large","max-video-preview":"max-video-preview:-1"},"canonical":"https:\/\/www.albergueplazacatedral.com\/eu\/albergue-plaza-catedral-conociendo-pamplona-conociendo-navarra\/","og_locale":"en_US","og_type":"article","og_title":"Albergue Plaza Catedral. Conociendo Pamplona, conociendo Navarra. - Iru\u00f1eako Katedral Enparantza Aterpea","og_description":"Sorprendente, beautiful, merveilleux, &#8230; Todos nuestros hu\u00e9spedes se quedan encantados con Pamplona, una peque\u00f1a ciudad conocida casi exclusivamente por los Sanfermines pero que ofrece mucho m\u00e1s en todos los niveles:...","og_url":"https:\/\/www.albergueplazacatedral.com\/eu\/albergue-plaza-catedral-conociendo-pamplona-conociendo-navarra\/","og_site_name":"Iru\u00f1eako Katedral Enparantza Aterpea","article_publisher":"https:\/\/www.facebook.com\/albergueplazacatedral\/?ref=ts&amp%3bamp%3bamp%3bamp%3bfref=ts","article_published_time":"2015-12-13T11:13:56+00:00","og_image":[{"width":1500,"height":1125,"url":"https:\/\/www.albergueplazacatedral.com\/wp-content\/uploads\/2015\/12\/P1040377.jpg","type":"image\/jpeg"}],"author":"Web Master","twitter_card":"summary_large_image","twitter_misc":{"Written by":"Web Master","Est. reading time":"1 minutua"},"schema":{"@context":"https:\/\/schema.org","@graph":[{"@type":"Article","@id":"https:\/\/www.albergueplazacatedral.com\/eu\/albergue-plaza-catedral-conociendo-pamplona-conociendo-navarra\/#article","isPartOf":{"@id":"https:\/\/www.albergueplazacatedral.com\/eu\/albergue-plaza-catedral-conociendo-pamplona-conociendo-navarra\/"},"author":{"name":"Web Master","@id":"https:\/\/www.albergueplazacatedral.com\/#\/schema\/person\/4847b8a253b913b4fd5e508765aebeef"},"headline":"Albergue Plaza Catedral. Conociendo Pamplona, conociendo Navarra.","datePublished":"2015-12-13T11:13:56+00:00","mainEntityOfPage":{"@id":"https:\/\/www.albergueplazacatedral.com\/eu\/albergue-plaza-catedral-conociendo-pamplona-conociendo-navarra\/"},"wordCount":176,"commentCount":0,"publisher":{"@id":"https:\/\/www.albergueplazacatedral.com\/#organization"},"image":{"@id":"https:\/\/www.albergueplazacatedral.com\/eu\/albergue-plaza-catedral-conociendo-pamplona-conociendo-navarra\/#primaryimage"},"thumbnailUrl":"https:\/\/www.albergueplazacatedral.com\/wp-content\/uploads\/2015\/12\/P1040377.jpg","articleSection":["Ocio","Turismo"],"inLanguage":"eu","potentialAction":[{"@type":"CommentAction","name":"Comment","target":["https:\/\/www.albergueplazacatedral.com\/eu\/albergue-plaza-catedral-conociendo-pamplona-conociendo-navarra\/#respond"]}]},{"@type":"WebPage","@id":"https:\/\/www.albergueplazacatedral.com\/eu\/albergue-plaza-catedral-conociendo-pamplona-conociendo-navarra\/","url":"https:\/\/www.albergueplazacatedral.com\/eu\/albergue-plaza-catedral-conociendo-pamplona-conociendo-navarra\/","name":"Albergue Plaza Catedral. Conociendo Pamplona, conociendo Navarra. - Iru\u00f1eako Katedral Enparantza Aterpea","isPartOf":{"@id":"https:\/\/www.albergueplazacatedral.com\/#website"},"primaryImageOfPage":{"@id":"https:\/\/www.albergueplazacatedral.com\/eu\/albergue-plaza-catedral-conociendo-pamplona-conociendo-navarra\/#primaryimage"},"image":{"@id":"https:\/\/www.albergueplazacatedral.com\/eu\/albergue-plaza-catedral-conociendo-pamplona-conociendo-navarra\/#primaryimage"},"thumbnailUrl":"https:\/\/www.albergueplazacatedral.com\/wp-content\/uploads\/2015\/12\/P1040377.jpg","datePublished":"2015-12-13T11:13:56+00:00","breadcrumb":{"@id":"https:\/\/www.albergueplazacatedral.com\/eu\/albergue-plaza-catedral-conociendo-pamplona-conociendo-navarra\/#breadcrumb"},"inLanguage":"eu","potentialAction":[{"@type":"ReadAction","target":["https:\/\/www.albergueplazacatedral.com\/eu\/albergue-plaza-catedral-conociendo-pamplona-conociendo-navarra\/"]}]},{"@type":"ImageObject","inLanguage":"eu","@id":"https:\/\/www.albergueplazacatedral.com\/eu\/albergue-plaza-catedral-conociendo-pamplona-conociendo-navarra\/#primaryimage","url":"https:\/\/www.albergueplazacatedral.com\/wp-content\/uploads\/2015\/12\/P1040377.jpg","contentUrl":"https:\/\/www.albergueplazacatedral.com\/wp-content\/uploads\/2015\/12\/P1040377.jpg","width":1500,"height":1125,"caption":"Vista de Pamplona desde la Catedral"},{"@type":"BreadcrumbList","@id":"https:\/\/www.albergueplazacatedral.com\/eu\/albergue-plaza-catedral-conociendo-pamplona-conociendo-navarra\/#breadcrumb","itemListElement":[{"@type":"ListItem","position":1,"name":"Portada","item":"https:\/\/www.albergueplazacatedral.com\/eu\/"},{"@type":"ListItem","position":2,"name":"Albergue Plaza Catedral. Conociendo Pamplona, conociendo Navarra."}]},{"@type":"WebSite","@id":"https:\/\/www.albergueplazacatedral.com\/#website","url":"https:\/\/www.albergueplazacatedral.com\/","name":"Iru\u00f1eako Katedral Enparantza Aterpea","description":"Toki ezin hobea Iru\u00f1eako erdigunean","publisher":{"@id":"https:\/\/www.albergueplazacatedral.com\/#organization"},"potentialAction":[{"@type":"SearchAction","target":{"@type":"EntryPoint","urlTemplate":"https:\/\/www.albergueplazacatedral.com\/?s={search_term_string}"},"query-input":{"@type":"PropertyValueSpecification","valueRequired":true,"valueName":"search_term_string"}}],"inLanguage":"eu"},{"@type":"Organization","@id":"https:\/\/www.albergueplazacatedral.com\/#organization","name":"Albergue Plaza Catedral","url":"https:\/\/www.albergueplazacatedral.com\/","logo":{"@type":"ImageObject","inLanguage":"eu","@id":"https:\/\/www.albergueplazacatedral.com\/#\/schema\/logo\/image\/","url":"https:\/\/www.albergueplazacatedral.com\/wp-content\/uploads\/2015\/06\/albergue_logo.jpg","contentUrl":"https:\/\/www.albergueplazacatedral.com\/wp-content\/uploads\/2015\/06\/albergue_logo.jpg","width":600,"height":366,"caption":"Albergue Plaza Catedral"},"image":{"@id":"https:\/\/www.albergueplazacatedral.com\/#\/schema\/logo\/image\/"},"sameAs":["https:\/\/www.facebook.com\/albergueplazacatedral\/?ref=ts&amp;amp;amp;amp;fref=ts"]},{"@type":"Person","@id":"https:\/\/www.albergueplazacatedral.com\/#\/schema\/person\/4847b8a253b913b4fd5e508765aebeef","name":"Web Master","image":{"@type":"ImageObject","inLanguage":"eu","@id":"https:\/\/secure.gravatar.com\/avatar\/08c5b589e26ef76289476ca748da804c2930f8d324d7f1d88c1ddee916c36863?s=96&d=mm&r=g","url":"https:\/\/secure.gravatar.com\/avatar\/08c5b589e26ef76289476ca748da804c2930f8d324d7f1d88c1ddee916c36863?s=96&d=mm&r=g","contentUrl":"https:\/\/secure.gravatar.com\/avatar\/08c5b589e26ef76289476ca748da804c2930f8d324d7f1d88c1ddee916c36863?s=96&d=mm&r=g","caption":"Web Master"},"url":"https:\/\/www.albergueplazacatedral.com\/eu\/author\/webmaster\/"}]}},"_links":{"self":[{"href":"https:\/\/www.albergueplazacatedral.com\/eu\/wp-json\/wp\/v2\/posts\/466","targetHints":{"allow":["GET"]}}],"collection":[{"href":"https:\/\/www.albergueplazacatedral.com\/eu\/wp-json\/wp\/v2\/posts"}],"about":[{"href":"https:\/\/www.albergueplazacatedral.com\/eu\/wp-json\/wp\/v2\/types\/post"}],"author":[{"embeddable":true,"href":"https:\/\/www.albergueplazacatedral.com\/eu\/wp-json\/wp\/v2\/users\/1"}],"replies":[{"embeddable":true,"href":"https:\/\/www.albergueplazacatedral.com\/eu\/wp-json\/wp\/v2\/comments?post=466"}],"version-history":[{"count":0,"href":"https:\/\/www.albergueplazacatedral.com\/eu\/wp-json\/wp\/v2\/posts\/466\/revisions"}],"wp:featuredmedia":[{"embeddable":true,"href":"https:\/\/www.albergueplazacatedral.com\/eu\/wp-json\/wp\/v2\/media\/354"}],"wp:attachment":[{"href":"https:\/\/www.albergueplazacatedral.com\/eu\/wp-json\/wp\/v2\/media?parent=466"}],"wp:term":[{"taxonomy":"category","embeddable":true,"href":"https:\/\/www.albergueplazacatedral.com\/eu\/wp-json\/wp\/v2\/categories?post=466"},{"taxonomy":"post_tag","embeddable":true,"href":"https:\/\/www.albergueplazacatedral.com\/eu\/wp-json\/wp\/v2\/tags?post=466"}],"curies":[{"name":"wp","href":"https:\/\/api.w.org\/{rel}","templated":true}]}}