{"id":468,"date":"2015-12-17T17:54:14","date_gmt":"2015-12-17T17:54:14","guid":{"rendered":"https:\/\/www.albergueplazacatedral.com\/eu\/cerramos-reforma-la-proxima-temporada\/"},"modified":"2015-12-17T17:54:14","modified_gmt":"2015-12-17T17:54:14","slug":"cerramos-reforma-la-proxima-temporada","status":"publish","type":"post","link":"https:\/\/www.albergueplazacatedral.com\/eu\/cerramos-reforma-la-proxima-temporada\/","title":{"rendered":"Cerramos por reforma hasta la pr\u00f3xima temporada"},"content":{"rendered":"<p>Informaros de que el albergue est\u00e1 cerrado por reformas hasta la siguiente temporada en la que volveremos al face con nuestra agenda de eventos y noticias. Hasta pronto y happy vacances para tod@s.<\/p>\n<p>&nbsp;<\/p>\n<p><a href=\"https:\/\/www.albergueplazacatedral.com\/wp-content\/uploads\/2015\/12\/foto-en-obras.jpg\"><img loading=\"lazy\" decoding=\"async\" class=\"aligncenter size-full wp-image-370\" src=\"https:\/\/www.albergueplazacatedral.com\/wp-content\/uploads\/2015\/12\/foto-en-obras.jpg\" alt=\"foto-en-obras\" width=\"700\" height=\"525\" srcset=\"https:\/\/www.albergueplazacatedral.com\/wp-content\/uploads\/2015\/12\/foto-en-obras.jpg 700w, https:\/\/www.albergueplazacatedral.com\/wp-content\/uploads\/2015\/12\/foto-en-obras-300x225.jpg 300w\" sizes=\"auto, (max-width: 700px) 100vw, 700px\" \/><\/a><\/p>\n<p>&nbsp;<\/p>\n","protected":false},"excerpt":{"rendered":"<p>Informaros de que el albergue est\u00e1 cerrado por reformas hasta la siguiente temporada en la que volveremos al face con nuestra agenda de eventos y noticias. Hasta pronto y happy&#8230;<\/p>\n","protected":false},"author":2,"featured_media":370,"comment_status":"open","ping_status":"closed","sticky":false,"template":"","format":"standard","meta":{"_joinchat":[],"footnotes":""},"categories":[14,9],"tags":[],"class_list":["post-468","post","type-post","status-publish","format-standard","has-post-thumbnail","hentry","category-el-albergue-eu","category-uncategorized-eu"],"yoast_head":"<!-- This site is optimized with the Yoast SEO plugin v27.5 - https:\/\/yoast.com\/product\/yoast-seo-wordpress\/ -->\n<title>Cerramos por reforma hasta la pr\u00f3xima temporada - Iru\u00f1eako Katedral Enparantza Aterpea<\/title>\n<meta name=\"robots\" content=\"index, follow, max-snippet:-1, max-image-preview:large, max-video-preview:-1\" \/>\n<link rel=\"canonical\" href=\"https:\/\/www.albergueplazacatedral.com\/eu\/cerramos-reforma-la-proxima-temporada\/\" \/>\n<meta property=\"og:locale\" content=\"en_US\" \/>\n<meta property=\"og:type\" content=\"article\" \/>\n<meta property=\"og:title\" content=\"Cerramos por reforma hasta la pr\u00f3xima temporada - Iru\u00f1eako Katedral Enparantza Aterpea\" \/>\n<meta property=\"og:description\" content=\"Informaros de que el albergue est\u00e1 cerrado por reformas hasta la siguiente temporada en la que volveremos al face con nuestra agenda de eventos y noticias. Hasta pronto y happy...\" \/>\n<meta property=\"og:url\" content=\"https:\/\/www.albergueplazacatedral.com\/eu\/cerramos-reforma-la-proxima-temporada\/\" \/>\n<meta property=\"og:site_name\" content=\"Iru\u00f1eako Katedral Enparantza Aterpea\" \/>\n<meta property=\"article:publisher\" content=\"https:\/\/www.facebook.com\/albergueplazacatedral\/?ref=ts&amp;amp%3bamp%3bamp%3bamp%3bfref=ts\" \/>\n<meta property=\"article:published_time\" content=\"2015-12-17T17:54:14+00:00\" \/>\n<meta property=\"og:image\" content=\"https:\/\/www.albergueplazacatedral.com\/wp-content\/uploads\/2015\/12\/foto-en-obras.jpg\" \/>\n\t<meta property=\"og:image:width\" content=\"700\" \/>\n\t<meta property=\"og:image:height\" content=\"525\" \/>\n\t<meta property=\"og:image:type\" content=\"image\/jpeg\" \/>\n<meta name=\"author\" content=\"Javier Francisco\" \/>\n<meta name=\"twitter:card\" content=\"summary_large_image\" \/>\n<meta name=\"twitter:label1\" content=\"Written by\" \/>\n\t<meta name=\"twitter:data1\" content=\"Javier Francisco\" \/>\n<script type=\"application\/ld+json\" class=\"yoast-schema-graph\">{\"@context\":\"https:\\\/\\\/schema.org\",\"@graph\":[{\"@type\":\"Article\",\"@id\":\"https:\\\/\\\/www.albergueplazacatedral.com\\\/eu\\\/cerramos-reforma-la-proxima-temporada\\\/#article\",\"isPartOf\":{\"@id\":\"https:\\\/\\\/www.albergueplazacatedral.com\\\/eu\\\/cerramos-reforma-la-proxima-temporada\\\/\"},\"author\":{\"name\":\"Javier Francisco\",\"@id\":\"https:\\\/\\\/www.albergueplazacatedral.com\\\/#\\\/schema\\\/person\\\/f4cd0722fbaf455fcd7f9a2c4891ec4f\"},\"headline\":\"Cerramos por reforma hasta la pr\u00f3xima temporada\",\"datePublished\":\"2015-12-17T17:54:14+00:00\",\"mainEntityOfPage\":{\"@id\":\"https:\\\/\\\/www.albergueplazacatedral.com\\\/eu\\\/cerramos-reforma-la-proxima-temporada\\\/\"},\"wordCount\":44,\"commentCount\":0,\"publisher\":{\"@id\":\"https:\\\/\\\/www.albergueplazacatedral.com\\\/#organization\"},\"image\":{\"@id\":\"https:\\\/\\\/www.albergueplazacatedral.com\\\/eu\\\/cerramos-reforma-la-proxima-temporada\\\/#primaryimage\"},\"thumbnailUrl\":\"https:\\\/\\\/www.albergueplazacatedral.com\\\/wp-content\\\/uploads\\\/2015\\\/12\\\/foto-en-obras.jpg\",\"articleSection\":[\"El albergue\",\"Uncategorized @eu\"],\"inLanguage\":\"eu\",\"potentialAction\":[{\"@type\":\"CommentAction\",\"name\":\"Comment\",\"target\":[\"https:\\\/\\\/www.albergueplazacatedral.com\\\/eu\\\/cerramos-reforma-la-proxima-temporada\\\/#respond\"]}]},{\"@type\":\"WebPage\",\"@id\":\"https:\\\/\\\/www.albergueplazacatedral.com\\\/eu\\\/cerramos-reforma-la-proxima-temporada\\\/\",\"url\":\"https:\\\/\\\/www.albergueplazacatedral.com\\\/eu\\\/cerramos-reforma-la-proxima-temporada\\\/\",\"name\":\"Cerramos por reforma hasta la pr\u00f3xima temporada - Iru\u00f1eako Katedral Enparantza Aterpea\",\"isPartOf\":{\"@id\":\"https:\\\/\\\/www.albergueplazacatedral.com\\\/#website\"},\"primaryImageOfPage\":{\"@id\":\"https:\\\/\\\/www.albergueplazacatedral.com\\\/eu\\\/cerramos-reforma-la-proxima-temporada\\\/#primaryimage\"},\"image\":{\"@id\":\"https:\\\/\\\/www.albergueplazacatedral.com\\\/eu\\\/cerramos-reforma-la-proxima-temporada\\\/#primaryimage\"},\"thumbnailUrl\":\"https:\\\/\\\/www.albergueplazacatedral.com\\\/wp-content\\\/uploads\\\/2015\\\/12\\\/foto-en-obras.jpg\",\"datePublished\":\"2015-12-17T17:54:14+00:00\",\"breadcrumb\":{\"@id\":\"https:\\\/\\\/www.albergueplazacatedral.com\\\/eu\\\/cerramos-reforma-la-proxima-temporada\\\/#breadcrumb\"},\"inLanguage\":\"eu\",\"potentialAction\":[{\"@type\":\"ReadAction\",\"target\":[\"https:\\\/\\\/www.albergueplazacatedral.com\\\/eu\\\/cerramos-reforma-la-proxima-temporada\\\/\"]}]},{\"@type\":\"ImageObject\",\"inLanguage\":\"eu\",\"@id\":\"https:\\\/\\\/www.albergueplazacatedral.com\\\/eu\\\/cerramos-reforma-la-proxima-temporada\\\/#primaryimage\",\"url\":\"https:\\\/\\\/www.albergueplazacatedral.com\\\/wp-content\\\/uploads\\\/2015\\\/12\\\/foto-en-obras.jpg\",\"contentUrl\":\"https:\\\/\\\/www.albergueplazacatedral.com\\\/wp-content\\\/uploads\\\/2015\\\/12\\\/foto-en-obras.jpg\",\"width\":700,\"height\":525},{\"@type\":\"BreadcrumbList\",\"@id\":\"https:\\\/\\\/www.albergueplazacatedral.com\\\/eu\\\/cerramos-reforma-la-proxima-temporada\\\/#breadcrumb\",\"itemListElement\":[{\"@type\":\"ListItem\",\"position\":1,\"name\":\"Portada\",\"item\":\"https:\\\/\\\/www.albergueplazacatedral.com\\\/eu\\\/\"},{\"@type\":\"ListItem\",\"position\":2,\"name\":\"Cerramos por reforma hasta la pr\u00f3xima temporada\"}]},{\"@type\":\"WebSite\",\"@id\":\"https:\\\/\\\/www.albergueplazacatedral.com\\\/#website\",\"url\":\"https:\\\/\\\/www.albergueplazacatedral.com\\\/\",\"name\":\"Iru\u00f1eako Katedral Enparantza Aterpea\",\"description\":\"Toki ezin hobea Iru\u00f1eako erdigunean\",\"publisher\":{\"@id\":\"https:\\\/\\\/www.albergueplazacatedral.com\\\/#organization\"},\"potentialAction\":[{\"@type\":\"SearchAction\",\"target\":{\"@type\":\"EntryPoint\",\"urlTemplate\":\"https:\\\/\\\/www.albergueplazacatedral.com\\\/?s={search_term_string}\"},\"query-input\":{\"@type\":\"PropertyValueSpecification\",\"valueRequired\":true,\"valueName\":\"search_term_string\"}}],\"inLanguage\":\"eu\"},{\"@type\":\"Organization\",\"@id\":\"https:\\\/\\\/www.albergueplazacatedral.com\\\/#organization\",\"name\":\"Albergue Plaza Catedral\",\"url\":\"https:\\\/\\\/www.albergueplazacatedral.com\\\/\",\"logo\":{\"@type\":\"ImageObject\",\"inLanguage\":\"eu\",\"@id\":\"https:\\\/\\\/www.albergueplazacatedral.com\\\/#\\\/schema\\\/logo\\\/image\\\/\",\"url\":\"https:\\\/\\\/www.albergueplazacatedral.com\\\/wp-content\\\/uploads\\\/2015\\\/06\\\/albergue_logo.jpg\",\"contentUrl\":\"https:\\\/\\\/www.albergueplazacatedral.com\\\/wp-content\\\/uploads\\\/2015\\\/06\\\/albergue_logo.jpg\",\"width\":600,\"height\":366,\"caption\":\"Albergue Plaza Catedral\"},\"image\":{\"@id\":\"https:\\\/\\\/www.albergueplazacatedral.com\\\/#\\\/schema\\\/logo\\\/image\\\/\"},\"sameAs\":[\"https:\\\/\\\/www.facebook.com\\\/albergueplazacatedral\\\/?ref=ts&amp;amp;amp;amp;fref=ts\"]},{\"@type\":\"Person\",\"@id\":\"https:\\\/\\\/www.albergueplazacatedral.com\\\/#\\\/schema\\\/person\\\/f4cd0722fbaf455fcd7f9a2c4891ec4f\",\"name\":\"Javier Francisco\",\"image\":{\"@type\":\"ImageObject\",\"inLanguage\":\"eu\",\"@id\":\"https:\\\/\\\/secure.gravatar.com\\\/avatar\\\/8cb874da36b0d82fcf79682e097ee927baf70051ba39298e59496870926e23a8?s=96&d=mm&r=g\",\"url\":\"https:\\\/\\\/secure.gravatar.com\\\/avatar\\\/8cb874da36b0d82fcf79682e097ee927baf70051ba39298e59496870926e23a8?s=96&d=mm&r=g\",\"contentUrl\":\"https:\\\/\\\/secure.gravatar.com\\\/avatar\\\/8cb874da36b0d82fcf79682e097ee927baf70051ba39298e59496870926e23a8?s=96&d=mm&r=g\",\"caption\":\"Javier Francisco\"},\"url\":\"https:\\\/\\\/www.albergueplazacatedral.com\\\/eu\\\/author\\\/francisco-javier\\\/\"}]}<\/script>\n<!-- \/ Yoast SEO plugin. -->","yoast_head_json":{"title":"Cerramos por reforma hasta la pr\u00f3xima temporada - Iru\u00f1eako Katedral Enparantza Aterpea","robots":{"index":"index","follow":"follow","max-snippet":"max-snippet:-1","max-image-preview":"max-image-preview:large","max-video-preview":"max-video-preview:-1"},"canonical":"https:\/\/www.albergueplazacatedral.com\/eu\/cerramos-reforma-la-proxima-temporada\/","og_locale":"en_US","og_type":"article","og_title":"Cerramos por reforma hasta la pr\u00f3xima temporada - Iru\u00f1eako Katedral Enparantza Aterpea","og_description":"Informaros de que el albergue est\u00e1 cerrado por reformas hasta la siguiente temporada en la que volveremos al face con nuestra agenda de eventos y noticias. Hasta pronto y happy...","og_url":"https:\/\/www.albergueplazacatedral.com\/eu\/cerramos-reforma-la-proxima-temporada\/","og_site_name":"Iru\u00f1eako Katedral Enparantza Aterpea","article_publisher":"https:\/\/www.facebook.com\/albergueplazacatedral\/?ref=ts&amp%3bamp%3bamp%3bamp%3bfref=ts","article_published_time":"2015-12-17T17:54:14+00:00","og_image":[{"width":700,"height":525,"url":"https:\/\/www.albergueplazacatedral.com\/wp-content\/uploads\/2015\/12\/foto-en-obras.jpg","type":"image\/jpeg"}],"author":"Javier Francisco","twitter_card":"summary_large_image","twitter_misc":{"Written by":"Javier Francisco"},"schema":{"@context":"https:\/\/schema.org","@graph":[{"@type":"Article","@id":"https:\/\/www.albergueplazacatedral.com\/eu\/cerramos-reforma-la-proxima-temporada\/#article","isPartOf":{"@id":"https:\/\/www.albergueplazacatedral.com\/eu\/cerramos-reforma-la-proxima-temporada\/"},"author":{"name":"Javier Francisco","@id":"https:\/\/www.albergueplazacatedral.com\/#\/schema\/person\/f4cd0722fbaf455fcd7f9a2c4891ec4f"},"headline":"Cerramos por reforma hasta la pr\u00f3xima temporada","datePublished":"2015-12-17T17:54:14+00:00","mainEntityOfPage":{"@id":"https:\/\/www.albergueplazacatedral.com\/eu\/cerramos-reforma-la-proxima-temporada\/"},"wordCount":44,"commentCount":0,"publisher":{"@id":"https:\/\/www.albergueplazacatedral.com\/#organization"},"image":{"@id":"https:\/\/www.albergueplazacatedral.com\/eu\/cerramos-reforma-la-proxima-temporada\/#primaryimage"},"thumbnailUrl":"https:\/\/www.albergueplazacatedral.com\/wp-content\/uploads\/2015\/12\/foto-en-obras.jpg","articleSection":["El albergue","Uncategorized @eu"],"inLanguage":"eu","potentialAction":[{"@type":"CommentAction","name":"Comment","target":["https:\/\/www.albergueplazacatedral.com\/eu\/cerramos-reforma-la-proxima-temporada\/#respond"]}]},{"@type":"WebPage","@id":"https:\/\/www.albergueplazacatedral.com\/eu\/cerramos-reforma-la-proxima-temporada\/","url":"https:\/\/www.albergueplazacatedral.com\/eu\/cerramos-reforma-la-proxima-temporada\/","name":"Cerramos por reforma hasta la pr\u00f3xima temporada - Iru\u00f1eako Katedral Enparantza Aterpea","isPartOf":{"@id":"https:\/\/www.albergueplazacatedral.com\/#website"},"primaryImageOfPage":{"@id":"https:\/\/www.albergueplazacatedral.com\/eu\/cerramos-reforma-la-proxima-temporada\/#primaryimage"},"image":{"@id":"https:\/\/www.albergueplazacatedral.com\/eu\/cerramos-reforma-la-proxima-temporada\/#primaryimage"},"thumbnailUrl":"https:\/\/www.albergueplazacatedral.com\/wp-content\/uploads\/2015\/12\/foto-en-obras.jpg","datePublished":"2015-12-17T17:54:14+00:00","breadcrumb":{"@id":"https:\/\/www.albergueplazacatedral.com\/eu\/cerramos-reforma-la-proxima-temporada\/#breadcrumb"},"inLanguage":"eu","potentialAction":[{"@type":"ReadAction","target":["https:\/\/www.albergueplazacatedral.com\/eu\/cerramos-reforma-la-proxima-temporada\/"]}]},{"@type":"ImageObject","inLanguage":"eu","@id":"https:\/\/www.albergueplazacatedral.com\/eu\/cerramos-reforma-la-proxima-temporada\/#primaryimage","url":"https:\/\/www.albergueplazacatedral.com\/wp-content\/uploads\/2015\/12\/foto-en-obras.jpg","contentUrl":"https:\/\/www.albergueplazacatedral.com\/wp-content\/uploads\/2015\/12\/foto-en-obras.jpg","width":700,"height":525},{"@type":"BreadcrumbList","@id":"https:\/\/www.albergueplazacatedral.com\/eu\/cerramos-reforma-la-proxima-temporada\/#breadcrumb","itemListElement":[{"@type":"ListItem","position":1,"name":"Portada","item":"https:\/\/www.albergueplazacatedral.com\/eu\/"},{"@type":"ListItem","position":2,"name":"Cerramos por reforma hasta la pr\u00f3xima temporada"}]},{"@type":"WebSite","@id":"https:\/\/www.albergueplazacatedral.com\/#website","url":"https:\/\/www.albergueplazacatedral.com\/","name":"Iru\u00f1eako Katedral Enparantza Aterpea","description":"Toki ezin hobea Iru\u00f1eako erdigunean","publisher":{"@id":"https:\/\/www.albergueplazacatedral.com\/#organization"},"potentialAction":[{"@type":"SearchAction","target":{"@type":"EntryPoint","urlTemplate":"https:\/\/www.albergueplazacatedral.com\/?s={search_term_string}"},"query-input":{"@type":"PropertyValueSpecification","valueRequired":true,"valueName":"search_term_string"}}],"inLanguage":"eu"},{"@type":"Organization","@id":"https:\/\/www.albergueplazacatedral.com\/#organization","name":"Albergue Plaza Catedral","url":"https:\/\/www.albergueplazacatedral.com\/","logo":{"@type":"ImageObject","inLanguage":"eu","@id":"https:\/\/www.albergueplazacatedral.com\/#\/schema\/logo\/image\/","url":"https:\/\/www.albergueplazacatedral.com\/wp-content\/uploads\/2015\/06\/albergue_logo.jpg","contentUrl":"https:\/\/www.albergueplazacatedral.com\/wp-content\/uploads\/2015\/06\/albergue_logo.jpg","width":600,"height":366,"caption":"Albergue Plaza Catedral"},"image":{"@id":"https:\/\/www.albergueplazacatedral.com\/#\/schema\/logo\/image\/"},"sameAs":["https:\/\/www.facebook.com\/albergueplazacatedral\/?ref=ts&amp;amp;amp;amp;fref=ts"]},{"@type":"Person","@id":"https:\/\/www.albergueplazacatedral.com\/#\/schema\/person\/f4cd0722fbaf455fcd7f9a2c4891ec4f","name":"Javier Francisco","image":{"@type":"ImageObject","inLanguage":"eu","@id":"https:\/\/secure.gravatar.com\/avatar\/8cb874da36b0d82fcf79682e097ee927baf70051ba39298e59496870926e23a8?s=96&d=mm&r=g","url":"https:\/\/secure.gravatar.com\/avatar\/8cb874da36b0d82fcf79682e097ee927baf70051ba39298e59496870926e23a8?s=96&d=mm&r=g","contentUrl":"https:\/\/secure.gravatar.com\/avatar\/8cb874da36b0d82fcf79682e097ee927baf70051ba39298e59496870926e23a8?s=96&d=mm&r=g","caption":"Javier Francisco"},"url":"https:\/\/www.albergueplazacatedral.com\/eu\/author\/francisco-javier\/"}]}},"_links":{"self":[{"href":"https:\/\/www.albergueplazacatedral.com\/eu\/wp-json\/wp\/v2\/posts\/468","targetHints":{"allow":["GET"]}}],"collection":[{"href":"https:\/\/www.albergueplazacatedral.com\/eu\/wp-json\/wp\/v2\/posts"}],"about":[{"href":"https:\/\/www.albergueplazacatedral.com\/eu\/wp-json\/wp\/v2\/types\/post"}],"author":[{"embeddable":true,"href":"https:\/\/www.albergueplazacatedral.com\/eu\/wp-json\/wp\/v2\/users\/2"}],"replies":[{"embeddable":true,"href":"https:\/\/www.albergueplazacatedral.com\/eu\/wp-json\/wp\/v2\/comments?post=468"}],"version-history":[{"count":0,"href":"https:\/\/www.albergueplazacatedral.com\/eu\/wp-json\/wp\/v2\/posts\/468\/revisions"}],"wp:featuredmedia":[{"embeddable":true,"href":"https:\/\/www.albergueplazacatedral.com\/eu\/wp-json\/wp\/v2\/media\/370"}],"wp:attachment":[{"href":"https:\/\/www.albergueplazacatedral.com\/eu\/wp-json\/wp\/v2\/media?parent=468"}],"wp:term":[{"taxonomy":"category","embeddable":true,"href":"https:\/\/www.albergueplazacatedral.com\/eu\/wp-json\/wp\/v2\/categories?post=468"},{"taxonomy":"post_tag","embeddable":true,"href":"https:\/\/www.albergueplazacatedral.com\/eu\/wp-json\/wp\/v2\/tags?post=468"}],"curies":[{"name":"wp","href":"https:\/\/api.w.org\/{rel}","templated":true}]}}