{"id":470,"date":"2016-01-25T21:35:14","date_gmt":"2016-01-25T21:35:14","guid":{"rendered":"https:\/\/www.albergueplazacatedral.com\/eu\/que-ya-falta-menos-reserva-tu-plaza-para-sanfermin\/"},"modified":"2016-01-25T21:35:14","modified_gmt":"2016-01-25T21:35:14","slug":"que-ya-falta-menos-reserva-tu-plaza-para-sanfermin","status":"publish","type":"post","link":"https:\/\/www.albergueplazacatedral.com\/eu\/que-ya-falta-menos-reserva-tu-plaza-para-sanfermin\/","title":{"rendered":"QUE YA FALTA MENOS. RESERVA TU PLAZA PARA SANFERMIN."},"content":{"rendered":"<p>Nuestras reservas est\u00e1n abiertas para los sanfermines as\u00ed que, si quieres disfrutar de nuestras fiestas en medio de todo el lio pero con la tranquilidad que ofrece nuestro albergue, ya puedes ir contactando con nosotros. Es el momento.<\/p>\n<p><span style=\"color: #ff0000; text-decoration: underline;\">www.albergueplazacatedral.com<\/span><a href=\"https:\/\/www.albergueplazacatedral.com\/wp-content\/uploads\/2015\/06\/169g_chupinazo_baja.jpg\" rel=\"attachment wp-att-59\"><img loading=\"lazy\" decoding=\"async\" class=\"aligncenter size-full wp-image-59\" src=\"https:\/\/www.albergueplazacatedral.com\/wp-content\/uploads\/2015\/06\/169g_chupinazo_baja.jpg\" alt=\"169g_chupinazo_baja\" width=\"1500\" height=\"2234\" srcset=\"https:\/\/www.albergueplazacatedral.com\/wp-content\/uploads\/2015\/06\/169g_chupinazo_baja.jpg 1375w, https:\/\/www.albergueplazacatedral.com\/wp-content\/uploads\/2015\/06\/169g_chupinazo_baja-201x300.jpg 201w, https:\/\/www.albergueplazacatedral.com\/wp-content\/uploads\/2015\/06\/169g_chupinazo_baja-688x1024.jpg 688w\" sizes=\"auto, (max-width: 1500px) 100vw, 1500px\" \/><\/a><\/p>\n","protected":false},"excerpt":{"rendered":"<p>Nuestras reservas est\u00e1n abiertas para los sanfermines as\u00ed que, si quieres disfrutar de nuestras fiestas en medio de todo el lio pero con la tranquilidad que ofrece nuestro albergue, ya&#8230;<\/p>\n","protected":false},"author":2,"featured_media":119,"comment_status":"open","ping_status":"closed","sticky":false,"template":"","format":"standard","meta":{"_joinchat":[],"footnotes":""},"categories":[12,16],"tags":[],"class_list":["post-470","post","type-post","status-publish","format-standard","has-post-thumbnail","hentry","category-ocio-eu","category-turismo-eu"],"yoast_head":"<!-- This site is optimized with the Yoast SEO plugin v27.5 - https:\/\/yoast.com\/product\/yoast-seo-wordpress\/ -->\n<title>QUE YA FALTA MENOS. RESERVA TU PLAZA PARA SANFERMIN. - Iru\u00f1eako Katedral Enparantza Aterpea<\/title>\n<meta name=\"robots\" content=\"index, follow, max-snippet:-1, max-image-preview:large, max-video-preview:-1\" \/>\n<link rel=\"canonical\" href=\"https:\/\/www.albergueplazacatedral.com\/eu\/que-ya-falta-menos-reserva-tu-plaza-para-sanfermin\/\" \/>\n<meta property=\"og:locale\" content=\"en_US\" \/>\n<meta property=\"og:type\" content=\"article\" \/>\n<meta property=\"og:title\" content=\"QUE YA FALTA MENOS. RESERVA TU PLAZA PARA SANFERMIN. - Iru\u00f1eako Katedral Enparantza Aterpea\" \/>\n<meta property=\"og:description\" content=\"Nuestras reservas est\u00e1n abiertas para los sanfermines as\u00ed que, si quieres disfrutar de nuestras fiestas en medio de todo el lio pero con la tranquilidad que ofrece nuestro albergue, ya...\" \/>\n<meta property=\"og:url\" content=\"https:\/\/www.albergueplazacatedral.com\/eu\/que-ya-falta-menos-reserva-tu-plaza-para-sanfermin\/\" \/>\n<meta property=\"og:site_name\" content=\"Iru\u00f1eako Katedral Enparantza Aterpea\" \/>\n<meta property=\"article:publisher\" content=\"https:\/\/www.facebook.com\/albergueplazacatedral\/?ref=ts&amp;amp%3bamp%3bamp%3bamp%3bfref=ts\" \/>\n<meta property=\"article:published_time\" content=\"2016-01-25T21:35:14+00:00\" \/>\n<meta property=\"og:image\" content=\"https:\/\/www.albergueplazacatedral.com\/wp-content\/uploads\/2015\/06\/chupinazo-Pamplona.jpg\" \/>\n\t<meta property=\"og:image:width\" content=\"1500\" \/>\n\t<meta property=\"og:image:height\" content=\"941\" \/>\n\t<meta property=\"og:image:type\" content=\"image\/jpeg\" \/>\n<meta name=\"author\" content=\"Javier Francisco\" \/>\n<meta name=\"twitter:card\" content=\"summary_large_image\" \/>\n<meta name=\"twitter:label1\" content=\"Written by\" \/>\n\t<meta name=\"twitter:data1\" content=\"Javier Francisco\" \/>\n<script type=\"application\/ld+json\" class=\"yoast-schema-graph\">{\"@context\":\"https:\\\/\\\/schema.org\",\"@graph\":[{\"@type\":\"Article\",\"@id\":\"https:\\\/\\\/www.albergueplazacatedral.com\\\/eu\\\/que-ya-falta-menos-reserva-tu-plaza-para-sanfermin\\\/#article\",\"isPartOf\":{\"@id\":\"https:\\\/\\\/www.albergueplazacatedral.com\\\/eu\\\/que-ya-falta-menos-reserva-tu-plaza-para-sanfermin\\\/\"},\"author\":{\"name\":\"Javier Francisco\",\"@id\":\"https:\\\/\\\/www.albergueplazacatedral.com\\\/#\\\/schema\\\/person\\\/f4cd0722fbaf455fcd7f9a2c4891ec4f\"},\"headline\":\"QUE YA FALTA MENOS. RESERVA TU PLAZA PARA SANFERMIN.\",\"datePublished\":\"2016-01-25T21:35:14+00:00\",\"mainEntityOfPage\":{\"@id\":\"https:\\\/\\\/www.albergueplazacatedral.com\\\/eu\\\/que-ya-falta-menos-reserva-tu-plaza-para-sanfermin\\\/\"},\"wordCount\":51,\"commentCount\":0,\"publisher\":{\"@id\":\"https:\\\/\\\/www.albergueplazacatedral.com\\\/#organization\"},\"image\":{\"@id\":\"https:\\\/\\\/www.albergueplazacatedral.com\\\/eu\\\/que-ya-falta-menos-reserva-tu-plaza-para-sanfermin\\\/#primaryimage\"},\"thumbnailUrl\":\"https:\\\/\\\/www.albergueplazacatedral.com\\\/wp-content\\\/uploads\\\/2015\\\/06\\\/chupinazo-Pamplona.jpg\",\"articleSection\":[\"Ocio\",\"Turismo\"],\"inLanguage\":\"eu\",\"potentialAction\":[{\"@type\":\"CommentAction\",\"name\":\"Comment\",\"target\":[\"https:\\\/\\\/www.albergueplazacatedral.com\\\/eu\\\/que-ya-falta-menos-reserva-tu-plaza-para-sanfermin\\\/#respond\"]}]},{\"@type\":\"WebPage\",\"@id\":\"https:\\\/\\\/www.albergueplazacatedral.com\\\/eu\\\/que-ya-falta-menos-reserva-tu-plaza-para-sanfermin\\\/\",\"url\":\"https:\\\/\\\/www.albergueplazacatedral.com\\\/eu\\\/que-ya-falta-menos-reserva-tu-plaza-para-sanfermin\\\/\",\"name\":\"QUE YA FALTA MENOS. RESERVA TU PLAZA PARA SANFERMIN. - Iru\u00f1eako Katedral Enparantza Aterpea\",\"isPartOf\":{\"@id\":\"https:\\\/\\\/www.albergueplazacatedral.com\\\/#website\"},\"primaryImageOfPage\":{\"@id\":\"https:\\\/\\\/www.albergueplazacatedral.com\\\/eu\\\/que-ya-falta-menos-reserva-tu-plaza-para-sanfermin\\\/#primaryimage\"},\"image\":{\"@id\":\"https:\\\/\\\/www.albergueplazacatedral.com\\\/eu\\\/que-ya-falta-menos-reserva-tu-plaza-para-sanfermin\\\/#primaryimage\"},\"thumbnailUrl\":\"https:\\\/\\\/www.albergueplazacatedral.com\\\/wp-content\\\/uploads\\\/2015\\\/06\\\/chupinazo-Pamplona.jpg\",\"datePublished\":\"2016-01-25T21:35:14+00:00\",\"breadcrumb\":{\"@id\":\"https:\\\/\\\/www.albergueplazacatedral.com\\\/eu\\\/que-ya-falta-menos-reserva-tu-plaza-para-sanfermin\\\/#breadcrumb\"},\"inLanguage\":\"eu\",\"potentialAction\":[{\"@type\":\"ReadAction\",\"target\":[\"https:\\\/\\\/www.albergueplazacatedral.com\\\/eu\\\/que-ya-falta-menos-reserva-tu-plaza-para-sanfermin\\\/\"]}]},{\"@type\":\"ImageObject\",\"inLanguage\":\"eu\",\"@id\":\"https:\\\/\\\/www.albergueplazacatedral.com\\\/eu\\\/que-ya-falta-menos-reserva-tu-plaza-para-sanfermin\\\/#primaryimage\",\"url\":\"https:\\\/\\\/www.albergueplazacatedral.com\\\/wp-content\\\/uploads\\\/2015\\\/06\\\/chupinazo-Pamplona.jpg\",\"contentUrl\":\"https:\\\/\\\/www.albergueplazacatedral.com\\\/wp-content\\\/uploads\\\/2015\\\/06\\\/chupinazo-Pamplona.jpg\",\"width\":1500,\"height\":941,\"caption\":\"Foto de PATXI URIZ cedida por el Departamento de Turismo del Gobierno de Navarra.\"},{\"@type\":\"BreadcrumbList\",\"@id\":\"https:\\\/\\\/www.albergueplazacatedral.com\\\/eu\\\/que-ya-falta-menos-reserva-tu-plaza-para-sanfermin\\\/#breadcrumb\",\"itemListElement\":[{\"@type\":\"ListItem\",\"position\":1,\"name\":\"Portada\",\"item\":\"https:\\\/\\\/www.albergueplazacatedral.com\\\/eu\\\/\"},{\"@type\":\"ListItem\",\"position\":2,\"name\":\"QUE YA FALTA MENOS. RESERVA TU PLAZA PARA SANFERMIN.\"}]},{\"@type\":\"WebSite\",\"@id\":\"https:\\\/\\\/www.albergueplazacatedral.com\\\/#website\",\"url\":\"https:\\\/\\\/www.albergueplazacatedral.com\\\/\",\"name\":\"Iru\u00f1eako Katedral Enparantza Aterpea\",\"description\":\"Toki ezin hobea Iru\u00f1eako erdigunean\",\"publisher\":{\"@id\":\"https:\\\/\\\/www.albergueplazacatedral.com\\\/#organization\"},\"potentialAction\":[{\"@type\":\"SearchAction\",\"target\":{\"@type\":\"EntryPoint\",\"urlTemplate\":\"https:\\\/\\\/www.albergueplazacatedral.com\\\/?s={search_term_string}\"},\"query-input\":{\"@type\":\"PropertyValueSpecification\",\"valueRequired\":true,\"valueName\":\"search_term_string\"}}],\"inLanguage\":\"eu\"},{\"@type\":\"Organization\",\"@id\":\"https:\\\/\\\/www.albergueplazacatedral.com\\\/#organization\",\"name\":\"Albergue Plaza Catedral\",\"url\":\"https:\\\/\\\/www.albergueplazacatedral.com\\\/\",\"logo\":{\"@type\":\"ImageObject\",\"inLanguage\":\"eu\",\"@id\":\"https:\\\/\\\/www.albergueplazacatedral.com\\\/#\\\/schema\\\/logo\\\/image\\\/\",\"url\":\"https:\\\/\\\/www.albergueplazacatedral.com\\\/wp-content\\\/uploads\\\/2015\\\/06\\\/albergue_logo.jpg\",\"contentUrl\":\"https:\\\/\\\/www.albergueplazacatedral.com\\\/wp-content\\\/uploads\\\/2015\\\/06\\\/albergue_logo.jpg\",\"width\":600,\"height\":366,\"caption\":\"Albergue Plaza Catedral\"},\"image\":{\"@id\":\"https:\\\/\\\/www.albergueplazacatedral.com\\\/#\\\/schema\\\/logo\\\/image\\\/\"},\"sameAs\":[\"https:\\\/\\\/www.facebook.com\\\/albergueplazacatedral\\\/?ref=ts&amp;amp;amp;amp;fref=ts\"]},{\"@type\":\"Person\",\"@id\":\"https:\\\/\\\/www.albergueplazacatedral.com\\\/#\\\/schema\\\/person\\\/f4cd0722fbaf455fcd7f9a2c4891ec4f\",\"name\":\"Javier Francisco\",\"image\":{\"@type\":\"ImageObject\",\"inLanguage\":\"eu\",\"@id\":\"https:\\\/\\\/secure.gravatar.com\\\/avatar\\\/8cb874da36b0d82fcf79682e097ee927baf70051ba39298e59496870926e23a8?s=96&d=mm&r=g\",\"url\":\"https:\\\/\\\/secure.gravatar.com\\\/avatar\\\/8cb874da36b0d82fcf79682e097ee927baf70051ba39298e59496870926e23a8?s=96&d=mm&r=g\",\"contentUrl\":\"https:\\\/\\\/secure.gravatar.com\\\/avatar\\\/8cb874da36b0d82fcf79682e097ee927baf70051ba39298e59496870926e23a8?s=96&d=mm&r=g\",\"caption\":\"Javier Francisco\"},\"url\":\"https:\\\/\\\/www.albergueplazacatedral.com\\\/eu\\\/author\\\/francisco-javier\\\/\"}]}<\/script>\n<!-- \/ Yoast SEO plugin. -->","yoast_head_json":{"title":"QUE YA FALTA MENOS. RESERVA TU PLAZA PARA SANFERMIN. - Iru\u00f1eako Katedral Enparantza Aterpea","robots":{"index":"index","follow":"follow","max-snippet":"max-snippet:-1","max-image-preview":"max-image-preview:large","max-video-preview":"max-video-preview:-1"},"canonical":"https:\/\/www.albergueplazacatedral.com\/eu\/que-ya-falta-menos-reserva-tu-plaza-para-sanfermin\/","og_locale":"en_US","og_type":"article","og_title":"QUE YA FALTA MENOS. RESERVA TU PLAZA PARA SANFERMIN. - Iru\u00f1eako Katedral Enparantza Aterpea","og_description":"Nuestras reservas est\u00e1n abiertas para los sanfermines as\u00ed que, si quieres disfrutar de nuestras fiestas en medio de todo el lio pero con la tranquilidad que ofrece nuestro albergue, ya...","og_url":"https:\/\/www.albergueplazacatedral.com\/eu\/que-ya-falta-menos-reserva-tu-plaza-para-sanfermin\/","og_site_name":"Iru\u00f1eako Katedral Enparantza Aterpea","article_publisher":"https:\/\/www.facebook.com\/albergueplazacatedral\/?ref=ts&amp%3bamp%3bamp%3bamp%3bfref=ts","article_published_time":"2016-01-25T21:35:14+00:00","og_image":[{"width":1500,"height":941,"url":"https:\/\/www.albergueplazacatedral.com\/wp-content\/uploads\/2015\/06\/chupinazo-Pamplona.jpg","type":"image\/jpeg"}],"author":"Javier Francisco","twitter_card":"summary_large_image","twitter_misc":{"Written by":"Javier Francisco"},"schema":{"@context":"https:\/\/schema.org","@graph":[{"@type":"Article","@id":"https:\/\/www.albergueplazacatedral.com\/eu\/que-ya-falta-menos-reserva-tu-plaza-para-sanfermin\/#article","isPartOf":{"@id":"https:\/\/www.albergueplazacatedral.com\/eu\/que-ya-falta-menos-reserva-tu-plaza-para-sanfermin\/"},"author":{"name":"Javier Francisco","@id":"https:\/\/www.albergueplazacatedral.com\/#\/schema\/person\/f4cd0722fbaf455fcd7f9a2c4891ec4f"},"headline":"QUE YA FALTA MENOS. RESERVA TU PLAZA PARA SANFERMIN.","datePublished":"2016-01-25T21:35:14+00:00","mainEntityOfPage":{"@id":"https:\/\/www.albergueplazacatedral.com\/eu\/que-ya-falta-menos-reserva-tu-plaza-para-sanfermin\/"},"wordCount":51,"commentCount":0,"publisher":{"@id":"https:\/\/www.albergueplazacatedral.com\/#organization"},"image":{"@id":"https:\/\/www.albergueplazacatedral.com\/eu\/que-ya-falta-menos-reserva-tu-plaza-para-sanfermin\/#primaryimage"},"thumbnailUrl":"https:\/\/www.albergueplazacatedral.com\/wp-content\/uploads\/2015\/06\/chupinazo-Pamplona.jpg","articleSection":["Ocio","Turismo"],"inLanguage":"eu","potentialAction":[{"@type":"CommentAction","name":"Comment","target":["https:\/\/www.albergueplazacatedral.com\/eu\/que-ya-falta-menos-reserva-tu-plaza-para-sanfermin\/#respond"]}]},{"@type":"WebPage","@id":"https:\/\/www.albergueplazacatedral.com\/eu\/que-ya-falta-menos-reserva-tu-plaza-para-sanfermin\/","url":"https:\/\/www.albergueplazacatedral.com\/eu\/que-ya-falta-menos-reserva-tu-plaza-para-sanfermin\/","name":"QUE YA FALTA MENOS. RESERVA TU PLAZA PARA SANFERMIN. - Iru\u00f1eako Katedral Enparantza Aterpea","isPartOf":{"@id":"https:\/\/www.albergueplazacatedral.com\/#website"},"primaryImageOfPage":{"@id":"https:\/\/www.albergueplazacatedral.com\/eu\/que-ya-falta-menos-reserva-tu-plaza-para-sanfermin\/#primaryimage"},"image":{"@id":"https:\/\/www.albergueplazacatedral.com\/eu\/que-ya-falta-menos-reserva-tu-plaza-para-sanfermin\/#primaryimage"},"thumbnailUrl":"https:\/\/www.albergueplazacatedral.com\/wp-content\/uploads\/2015\/06\/chupinazo-Pamplona.jpg","datePublished":"2016-01-25T21:35:14+00:00","breadcrumb":{"@id":"https:\/\/www.albergueplazacatedral.com\/eu\/que-ya-falta-menos-reserva-tu-plaza-para-sanfermin\/#breadcrumb"},"inLanguage":"eu","potentialAction":[{"@type":"ReadAction","target":["https:\/\/www.albergueplazacatedral.com\/eu\/que-ya-falta-menos-reserva-tu-plaza-para-sanfermin\/"]}]},{"@type":"ImageObject","inLanguage":"eu","@id":"https:\/\/www.albergueplazacatedral.com\/eu\/que-ya-falta-menos-reserva-tu-plaza-para-sanfermin\/#primaryimage","url":"https:\/\/www.albergueplazacatedral.com\/wp-content\/uploads\/2015\/06\/chupinazo-Pamplona.jpg","contentUrl":"https:\/\/www.albergueplazacatedral.com\/wp-content\/uploads\/2015\/06\/chupinazo-Pamplona.jpg","width":1500,"height":941,"caption":"Foto de PATXI URIZ cedida por el Departamento de Turismo del Gobierno de Navarra."},{"@type":"BreadcrumbList","@id":"https:\/\/www.albergueplazacatedral.com\/eu\/que-ya-falta-menos-reserva-tu-plaza-para-sanfermin\/#breadcrumb","itemListElement":[{"@type":"ListItem","position":1,"name":"Portada","item":"https:\/\/www.albergueplazacatedral.com\/eu\/"},{"@type":"ListItem","position":2,"name":"QUE YA FALTA MENOS. RESERVA TU PLAZA PARA SANFERMIN."}]},{"@type":"WebSite","@id":"https:\/\/www.albergueplazacatedral.com\/#website","url":"https:\/\/www.albergueplazacatedral.com\/","name":"Iru\u00f1eako Katedral Enparantza Aterpea","description":"Toki ezin hobea Iru\u00f1eako erdigunean","publisher":{"@id":"https:\/\/www.albergueplazacatedral.com\/#organization"},"potentialAction":[{"@type":"SearchAction","target":{"@type":"EntryPoint","urlTemplate":"https:\/\/www.albergueplazacatedral.com\/?s={search_term_string}"},"query-input":{"@type":"PropertyValueSpecification","valueRequired":true,"valueName":"search_term_string"}}],"inLanguage":"eu"},{"@type":"Organization","@id":"https:\/\/www.albergueplazacatedral.com\/#organization","name":"Albergue Plaza Catedral","url":"https:\/\/www.albergueplazacatedral.com\/","logo":{"@type":"ImageObject","inLanguage":"eu","@id":"https:\/\/www.albergueplazacatedral.com\/#\/schema\/logo\/image\/","url":"https:\/\/www.albergueplazacatedral.com\/wp-content\/uploads\/2015\/06\/albergue_logo.jpg","contentUrl":"https:\/\/www.albergueplazacatedral.com\/wp-content\/uploads\/2015\/06\/albergue_logo.jpg","width":600,"height":366,"caption":"Albergue Plaza Catedral"},"image":{"@id":"https:\/\/www.albergueplazacatedral.com\/#\/schema\/logo\/image\/"},"sameAs":["https:\/\/www.facebook.com\/albergueplazacatedral\/?ref=ts&amp;amp;amp;amp;fref=ts"]},{"@type":"Person","@id":"https:\/\/www.albergueplazacatedral.com\/#\/schema\/person\/f4cd0722fbaf455fcd7f9a2c4891ec4f","name":"Javier Francisco","image":{"@type":"ImageObject","inLanguage":"eu","@id":"https:\/\/secure.gravatar.com\/avatar\/8cb874da36b0d82fcf79682e097ee927baf70051ba39298e59496870926e23a8?s=96&d=mm&r=g","url":"https:\/\/secure.gravatar.com\/avatar\/8cb874da36b0d82fcf79682e097ee927baf70051ba39298e59496870926e23a8?s=96&d=mm&r=g","contentUrl":"https:\/\/secure.gravatar.com\/avatar\/8cb874da36b0d82fcf79682e097ee927baf70051ba39298e59496870926e23a8?s=96&d=mm&r=g","caption":"Javier Francisco"},"url":"https:\/\/www.albergueplazacatedral.com\/eu\/author\/francisco-javier\/"}]}},"_links":{"self":[{"href":"https:\/\/www.albergueplazacatedral.com\/eu\/wp-json\/wp\/v2\/posts\/470","targetHints":{"allow":["GET"]}}],"collection":[{"href":"https:\/\/www.albergueplazacatedral.com\/eu\/wp-json\/wp\/v2\/posts"}],"about":[{"href":"https:\/\/www.albergueplazacatedral.com\/eu\/wp-json\/wp\/v2\/types\/post"}],"author":[{"embeddable":true,"href":"https:\/\/www.albergueplazacatedral.com\/eu\/wp-json\/wp\/v2\/users\/2"}],"replies":[{"embeddable":true,"href":"https:\/\/www.albergueplazacatedral.com\/eu\/wp-json\/wp\/v2\/comments?post=470"}],"version-history":[{"count":0,"href":"https:\/\/www.albergueplazacatedral.com\/eu\/wp-json\/wp\/v2\/posts\/470\/revisions"}],"wp:featuredmedia":[{"embeddable":true,"href":"https:\/\/www.albergueplazacatedral.com\/eu\/wp-json\/wp\/v2\/media\/119"}],"wp:attachment":[{"href":"https:\/\/www.albergueplazacatedral.com\/eu\/wp-json\/wp\/v2\/media?parent=470"}],"wp:term":[{"taxonomy":"category","embeddable":true,"href":"https:\/\/www.albergueplazacatedral.com\/eu\/wp-json\/wp\/v2\/categories?post=470"},{"taxonomy":"post_tag","embeddable":true,"href":"https:\/\/www.albergueplazacatedral.com\/eu\/wp-json\/wp\/v2\/tags?post=470"}],"curies":[{"name":"wp","href":"https:\/\/api.w.org\/{rel}","templated":true}]}}