{"id":517,"date":"2016-03-12T11:59:19","date_gmt":"2016-03-12T11:59:19","guid":{"rendered":"https:\/\/www.albergueplazacatedral.com\/eu\/nuevo-sol-irunea\/"},"modified":"2022-12-06T12:23:02","modified_gmt":"2022-12-06T12:23:02","slug":"nuevo-sol-irunea","status":"publish","type":"post","link":"https:\/\/www.albergueplazacatedral.com\/eu\/nuevo-sol-irunea\/","title":{"rendered":"Y aparece el sol en Iru\u00f1ea"},"content":{"rendered":"<p>Se agradece, no te creas, un poco de solete en nuestra plaza catedral &#8230; ahora s\u00ed : lleg\u00f3 la hora de los paseos, las caminatas y los excesos &#8230; <a href=\"https:\/\/www.albergueplazacatedral.com\/wp-content\/uploads\/2016\/03\/nieve.jpg\" rel=\"attachment wp-att-513\"><img loading=\"lazy\" decoding=\"async\" class=\"aligncenter size-full wp-image-513\" src=\"https:\/\/www.albergueplazacatedral.com\/wp-content\/uploads\/2016\/03\/nieve.jpg\" alt=\"nieve\" width=\"350\" height=\"205\" srcset=\"https:\/\/www.albergueplazacatedral.com\/wp-content\/uploads\/2016\/03\/nieve.jpg 350w, https:\/\/www.albergueplazacatedral.com\/wp-content\/uploads\/2016\/03\/nieve-300x176.jpg 300w\" sizes=\"auto, (max-width: 350px) 100vw, 350px\" \/><\/a><\/p>\n","protected":false},"excerpt":{"rendered":"<p>Se agradece, no te creas, un poco de solete en nuestra plaza catedral &#8230; ahora s\u00ed : lleg\u00f3 la hora de los paseos, las caminatas y los excesos &#8230;<\/p>\n","protected":false},"author":2,"featured_media":3477,"comment_status":"open","ping_status":"closed","sticky":false,"template":"","format":"standard","meta":{"_joinchat":[],"footnotes":""},"categories":[14,12],"tags":[],"class_list":["post-517","post","type-post","status-publish","format-standard","has-post-thumbnail","hentry","category-el-albergue-eu","category-ocio-eu"],"yoast_head":"<!-- This site is optimized with the Yoast SEO plugin v27.5 - https:\/\/yoast.com\/product\/yoast-seo-wordpress\/ -->\n<title>Y aparece el sol en Iru\u00f1ea - Iru\u00f1eako Katedral Enparantza Aterpea<\/title>\n<meta name=\"robots\" content=\"index, follow, max-snippet:-1, max-image-preview:large, max-video-preview:-1\" \/>\n<link rel=\"canonical\" href=\"https:\/\/www.albergueplazacatedral.com\/eu\/nuevo-sol-irunea\/\" \/>\n<meta property=\"og:locale\" content=\"en_US\" \/>\n<meta property=\"og:type\" content=\"article\" \/>\n<meta property=\"og:title\" content=\"Y aparece el sol en Iru\u00f1ea - Iru\u00f1eako Katedral Enparantza Aterpea\" \/>\n<meta property=\"og:description\" content=\"Se agradece, no te creas, un poco de solete en nuestra plaza catedral &#8230; ahora s\u00ed : lleg\u00f3 la hora de los paseos, las caminatas y los excesos &#8230;\" \/>\n<meta property=\"og:url\" content=\"https:\/\/www.albergueplazacatedral.com\/eu\/nuevo-sol-irunea\/\" \/>\n<meta property=\"og:site_name\" content=\"Iru\u00f1eako Katedral Enparantza Aterpea\" \/>\n<meta property=\"article:publisher\" content=\"https:\/\/www.facebook.com\/albergueplazacatedral\/?ref=ts&amp;amp%3bamp%3bamp%3bamp%3bfref=ts\" \/>\n<meta property=\"article:published_time\" content=\"2016-03-12T11:59:19+00:00\" \/>\n<meta property=\"article:modified_time\" content=\"2022-12-06T12:23:02+00:00\" \/>\n<meta property=\"og:image\" content=\"https:\/\/www.albergueplazacatedral.com\/wp-content\/uploads\/2016\/03\/nieve.jpg\" \/>\n\t<meta property=\"og:image:width\" content=\"350\" \/>\n\t<meta property=\"og:image:height\" content=\"205\" \/>\n\t<meta property=\"og:image:type\" content=\"image\/jpeg\" \/>\n<meta name=\"author\" content=\"Javier Francisco\" \/>\n<meta name=\"twitter:card\" content=\"summary_large_image\" \/>\n<meta name=\"twitter:label1\" content=\"Written by\" \/>\n\t<meta name=\"twitter:data1\" content=\"Javier Francisco\" \/>\n<script type=\"application\/ld+json\" class=\"yoast-schema-graph\">{\"@context\":\"https:\\\/\\\/schema.org\",\"@graph\":[{\"@type\":\"Article\",\"@id\":\"https:\\\/\\\/www.albergueplazacatedral.com\\\/eu\\\/nuevo-sol-irunea\\\/#article\",\"isPartOf\":{\"@id\":\"https:\\\/\\\/www.albergueplazacatedral.com\\\/eu\\\/nuevo-sol-irunea\\\/\"},\"author\":{\"name\":\"Javier Francisco\",\"@id\":\"https:\\\/\\\/www.albergueplazacatedral.com\\\/#\\\/schema\\\/person\\\/f4cd0722fbaf455fcd7f9a2c4891ec4f\"},\"headline\":\"Y aparece el sol en Iru\u00f1ea\",\"datePublished\":\"2016-03-12T11:59:19+00:00\",\"dateModified\":\"2022-12-06T12:23:02+00:00\",\"mainEntityOfPage\":{\"@id\":\"https:\\\/\\\/www.albergueplazacatedral.com\\\/eu\\\/nuevo-sol-irunea\\\/\"},\"wordCount\":33,\"commentCount\":0,\"publisher\":{\"@id\":\"https:\\\/\\\/www.albergueplazacatedral.com\\\/#organization\"},\"image\":{\"@id\":\"https:\\\/\\\/www.albergueplazacatedral.com\\\/eu\\\/nuevo-sol-irunea\\\/#primaryimage\"},\"thumbnailUrl\":\"https:\\\/\\\/www.albergueplazacatedral.com\\\/wp-content\\\/uploads\\\/2016\\\/03\\\/nieve.jpg\",\"articleSection\":[\"El albergue\",\"Ocio\"],\"inLanguage\":\"eu\",\"potentialAction\":[{\"@type\":\"CommentAction\",\"name\":\"Comment\",\"target\":[\"https:\\\/\\\/www.albergueplazacatedral.com\\\/eu\\\/nuevo-sol-irunea\\\/#respond\"]}]},{\"@type\":\"WebPage\",\"@id\":\"https:\\\/\\\/www.albergueplazacatedral.com\\\/eu\\\/nuevo-sol-irunea\\\/\",\"url\":\"https:\\\/\\\/www.albergueplazacatedral.com\\\/eu\\\/nuevo-sol-irunea\\\/\",\"name\":\"Y aparece el sol en Iru\u00f1ea - Iru\u00f1eako Katedral Enparantza Aterpea\",\"isPartOf\":{\"@id\":\"https:\\\/\\\/www.albergueplazacatedral.com\\\/#website\"},\"primaryImageOfPage\":{\"@id\":\"https:\\\/\\\/www.albergueplazacatedral.com\\\/eu\\\/nuevo-sol-irunea\\\/#primaryimage\"},\"image\":{\"@id\":\"https:\\\/\\\/www.albergueplazacatedral.com\\\/eu\\\/nuevo-sol-irunea\\\/#primaryimage\"},\"thumbnailUrl\":\"https:\\\/\\\/www.albergueplazacatedral.com\\\/wp-content\\\/uploads\\\/2016\\\/03\\\/nieve.jpg\",\"datePublished\":\"2016-03-12T11:59:19+00:00\",\"dateModified\":\"2022-12-06T12:23:02+00:00\",\"breadcrumb\":{\"@id\":\"https:\\\/\\\/www.albergueplazacatedral.com\\\/eu\\\/nuevo-sol-irunea\\\/#breadcrumb\"},\"inLanguage\":\"eu\",\"potentialAction\":[{\"@type\":\"ReadAction\",\"target\":[\"https:\\\/\\\/www.albergueplazacatedral.com\\\/eu\\\/nuevo-sol-irunea\\\/\"]}]},{\"@type\":\"ImageObject\",\"inLanguage\":\"eu\",\"@id\":\"https:\\\/\\\/www.albergueplazacatedral.com\\\/eu\\\/nuevo-sol-irunea\\\/#primaryimage\",\"url\":\"https:\\\/\\\/www.albergueplazacatedral.com\\\/wp-content\\\/uploads\\\/2016\\\/03\\\/nieve.jpg\",\"contentUrl\":\"https:\\\/\\\/www.albergueplazacatedral.com\\\/wp-content\\\/uploads\\\/2016\\\/03\\\/nieve.jpg\",\"width\":350,\"height\":205},{\"@type\":\"BreadcrumbList\",\"@id\":\"https:\\\/\\\/www.albergueplazacatedral.com\\\/eu\\\/nuevo-sol-irunea\\\/#breadcrumb\",\"itemListElement\":[{\"@type\":\"ListItem\",\"position\":1,\"name\":\"Portada\",\"item\":\"https:\\\/\\\/www.albergueplazacatedral.com\\\/eu\\\/\"},{\"@type\":\"ListItem\",\"position\":2,\"name\":\"Y aparece el sol en Iru\u00f1ea\"}]},{\"@type\":\"WebSite\",\"@id\":\"https:\\\/\\\/www.albergueplazacatedral.com\\\/#website\",\"url\":\"https:\\\/\\\/www.albergueplazacatedral.com\\\/\",\"name\":\"Iru\u00f1eako Katedral Enparantza Aterpea\",\"description\":\"Toki ezin hobea Iru\u00f1eako erdigunean\",\"publisher\":{\"@id\":\"https:\\\/\\\/www.albergueplazacatedral.com\\\/#organization\"},\"potentialAction\":[{\"@type\":\"SearchAction\",\"target\":{\"@type\":\"EntryPoint\",\"urlTemplate\":\"https:\\\/\\\/www.albergueplazacatedral.com\\\/?s={search_term_string}\"},\"query-input\":{\"@type\":\"PropertyValueSpecification\",\"valueRequired\":true,\"valueName\":\"search_term_string\"}}],\"inLanguage\":\"eu\"},{\"@type\":\"Organization\",\"@id\":\"https:\\\/\\\/www.albergueplazacatedral.com\\\/#organization\",\"name\":\"Albergue Plaza Catedral\",\"url\":\"https:\\\/\\\/www.albergueplazacatedral.com\\\/\",\"logo\":{\"@type\":\"ImageObject\",\"inLanguage\":\"eu\",\"@id\":\"https:\\\/\\\/www.albergueplazacatedral.com\\\/#\\\/schema\\\/logo\\\/image\\\/\",\"url\":\"https:\\\/\\\/www.albergueplazacatedral.com\\\/wp-content\\\/uploads\\\/2015\\\/06\\\/albergue_logo.jpg\",\"contentUrl\":\"https:\\\/\\\/www.albergueplazacatedral.com\\\/wp-content\\\/uploads\\\/2015\\\/06\\\/albergue_logo.jpg\",\"width\":600,\"height\":366,\"caption\":\"Albergue Plaza Catedral\"},\"image\":{\"@id\":\"https:\\\/\\\/www.albergueplazacatedral.com\\\/#\\\/schema\\\/logo\\\/image\\\/\"},\"sameAs\":[\"https:\\\/\\\/www.facebook.com\\\/albergueplazacatedral\\\/?ref=ts&amp;amp;amp;amp;fref=ts\"]},{\"@type\":\"Person\",\"@id\":\"https:\\\/\\\/www.albergueplazacatedral.com\\\/#\\\/schema\\\/person\\\/f4cd0722fbaf455fcd7f9a2c4891ec4f\",\"name\":\"Javier Francisco\",\"image\":{\"@type\":\"ImageObject\",\"inLanguage\":\"eu\",\"@id\":\"https:\\\/\\\/secure.gravatar.com\\\/avatar\\\/8cb874da36b0d82fcf79682e097ee927baf70051ba39298e59496870926e23a8?s=96&d=mm&r=g\",\"url\":\"https:\\\/\\\/secure.gravatar.com\\\/avatar\\\/8cb874da36b0d82fcf79682e097ee927baf70051ba39298e59496870926e23a8?s=96&d=mm&r=g\",\"contentUrl\":\"https:\\\/\\\/secure.gravatar.com\\\/avatar\\\/8cb874da36b0d82fcf79682e097ee927baf70051ba39298e59496870926e23a8?s=96&d=mm&r=g\",\"caption\":\"Javier Francisco\"},\"url\":\"https:\\\/\\\/www.albergueplazacatedral.com\\\/eu\\\/author\\\/francisco-javier\\\/\"}]}<\/script>\n<!-- \/ Yoast SEO plugin. -->","yoast_head_json":{"title":"Y aparece el sol en Iru\u00f1ea - Iru\u00f1eako Katedral Enparantza Aterpea","robots":{"index":"index","follow":"follow","max-snippet":"max-snippet:-1","max-image-preview":"max-image-preview:large","max-video-preview":"max-video-preview:-1"},"canonical":"https:\/\/www.albergueplazacatedral.com\/eu\/nuevo-sol-irunea\/","og_locale":"en_US","og_type":"article","og_title":"Y aparece el sol en Iru\u00f1ea - Iru\u00f1eako Katedral Enparantza Aterpea","og_description":"Se agradece, no te creas, un poco de solete en nuestra plaza catedral &#8230; ahora s\u00ed : lleg\u00f3 la hora de los paseos, las caminatas y los excesos &#8230;","og_url":"https:\/\/www.albergueplazacatedral.com\/eu\/nuevo-sol-irunea\/","og_site_name":"Iru\u00f1eako Katedral Enparantza Aterpea","article_publisher":"https:\/\/www.facebook.com\/albergueplazacatedral\/?ref=ts&amp%3bamp%3bamp%3bamp%3bfref=ts","article_published_time":"2016-03-12T11:59:19+00:00","article_modified_time":"2022-12-06T12:23:02+00:00","og_image":[{"width":350,"height":205,"url":"https:\/\/www.albergueplazacatedral.com\/wp-content\/uploads\/2016\/03\/nieve.jpg","type":"image\/jpeg"}],"author":"Javier Francisco","twitter_card":"summary_large_image","twitter_misc":{"Written by":"Javier Francisco"},"schema":{"@context":"https:\/\/schema.org","@graph":[{"@type":"Article","@id":"https:\/\/www.albergueplazacatedral.com\/eu\/nuevo-sol-irunea\/#article","isPartOf":{"@id":"https:\/\/www.albergueplazacatedral.com\/eu\/nuevo-sol-irunea\/"},"author":{"name":"Javier Francisco","@id":"https:\/\/www.albergueplazacatedral.com\/#\/schema\/person\/f4cd0722fbaf455fcd7f9a2c4891ec4f"},"headline":"Y aparece el sol en Iru\u00f1ea","datePublished":"2016-03-12T11:59:19+00:00","dateModified":"2022-12-06T12:23:02+00:00","mainEntityOfPage":{"@id":"https:\/\/www.albergueplazacatedral.com\/eu\/nuevo-sol-irunea\/"},"wordCount":33,"commentCount":0,"publisher":{"@id":"https:\/\/www.albergueplazacatedral.com\/#organization"},"image":{"@id":"https:\/\/www.albergueplazacatedral.com\/eu\/nuevo-sol-irunea\/#primaryimage"},"thumbnailUrl":"https:\/\/www.albergueplazacatedral.com\/wp-content\/uploads\/2016\/03\/nieve.jpg","articleSection":["El albergue","Ocio"],"inLanguage":"eu","potentialAction":[{"@type":"CommentAction","name":"Comment","target":["https:\/\/www.albergueplazacatedral.com\/eu\/nuevo-sol-irunea\/#respond"]}]},{"@type":"WebPage","@id":"https:\/\/www.albergueplazacatedral.com\/eu\/nuevo-sol-irunea\/","url":"https:\/\/www.albergueplazacatedral.com\/eu\/nuevo-sol-irunea\/","name":"Y aparece el sol en Iru\u00f1ea - Iru\u00f1eako Katedral Enparantza Aterpea","isPartOf":{"@id":"https:\/\/www.albergueplazacatedral.com\/#website"},"primaryImageOfPage":{"@id":"https:\/\/www.albergueplazacatedral.com\/eu\/nuevo-sol-irunea\/#primaryimage"},"image":{"@id":"https:\/\/www.albergueplazacatedral.com\/eu\/nuevo-sol-irunea\/#primaryimage"},"thumbnailUrl":"https:\/\/www.albergueplazacatedral.com\/wp-content\/uploads\/2016\/03\/nieve.jpg","datePublished":"2016-03-12T11:59:19+00:00","dateModified":"2022-12-06T12:23:02+00:00","breadcrumb":{"@id":"https:\/\/www.albergueplazacatedral.com\/eu\/nuevo-sol-irunea\/#breadcrumb"},"inLanguage":"eu","potentialAction":[{"@type":"ReadAction","target":["https:\/\/www.albergueplazacatedral.com\/eu\/nuevo-sol-irunea\/"]}]},{"@type":"ImageObject","inLanguage":"eu","@id":"https:\/\/www.albergueplazacatedral.com\/eu\/nuevo-sol-irunea\/#primaryimage","url":"https:\/\/www.albergueplazacatedral.com\/wp-content\/uploads\/2016\/03\/nieve.jpg","contentUrl":"https:\/\/www.albergueplazacatedral.com\/wp-content\/uploads\/2016\/03\/nieve.jpg","width":350,"height":205},{"@type":"BreadcrumbList","@id":"https:\/\/www.albergueplazacatedral.com\/eu\/nuevo-sol-irunea\/#breadcrumb","itemListElement":[{"@type":"ListItem","position":1,"name":"Portada","item":"https:\/\/www.albergueplazacatedral.com\/eu\/"},{"@type":"ListItem","position":2,"name":"Y aparece el sol en Iru\u00f1ea"}]},{"@type":"WebSite","@id":"https:\/\/www.albergueplazacatedral.com\/#website","url":"https:\/\/www.albergueplazacatedral.com\/","name":"Iru\u00f1eako Katedral Enparantza Aterpea","description":"Toki ezin hobea Iru\u00f1eako erdigunean","publisher":{"@id":"https:\/\/www.albergueplazacatedral.com\/#organization"},"potentialAction":[{"@type":"SearchAction","target":{"@type":"EntryPoint","urlTemplate":"https:\/\/www.albergueplazacatedral.com\/?s={search_term_string}"},"query-input":{"@type":"PropertyValueSpecification","valueRequired":true,"valueName":"search_term_string"}}],"inLanguage":"eu"},{"@type":"Organization","@id":"https:\/\/www.albergueplazacatedral.com\/#organization","name":"Albergue Plaza Catedral","url":"https:\/\/www.albergueplazacatedral.com\/","logo":{"@type":"ImageObject","inLanguage":"eu","@id":"https:\/\/www.albergueplazacatedral.com\/#\/schema\/logo\/image\/","url":"https:\/\/www.albergueplazacatedral.com\/wp-content\/uploads\/2015\/06\/albergue_logo.jpg","contentUrl":"https:\/\/www.albergueplazacatedral.com\/wp-content\/uploads\/2015\/06\/albergue_logo.jpg","width":600,"height":366,"caption":"Albergue Plaza Catedral"},"image":{"@id":"https:\/\/www.albergueplazacatedral.com\/#\/schema\/logo\/image\/"},"sameAs":["https:\/\/www.facebook.com\/albergueplazacatedral\/?ref=ts&amp;amp;amp;amp;fref=ts"]},{"@type":"Person","@id":"https:\/\/www.albergueplazacatedral.com\/#\/schema\/person\/f4cd0722fbaf455fcd7f9a2c4891ec4f","name":"Javier Francisco","image":{"@type":"ImageObject","inLanguage":"eu","@id":"https:\/\/secure.gravatar.com\/avatar\/8cb874da36b0d82fcf79682e097ee927baf70051ba39298e59496870926e23a8?s=96&d=mm&r=g","url":"https:\/\/secure.gravatar.com\/avatar\/8cb874da36b0d82fcf79682e097ee927baf70051ba39298e59496870926e23a8?s=96&d=mm&r=g","contentUrl":"https:\/\/secure.gravatar.com\/avatar\/8cb874da36b0d82fcf79682e097ee927baf70051ba39298e59496870926e23a8?s=96&d=mm&r=g","caption":"Javier Francisco"},"url":"https:\/\/www.albergueplazacatedral.com\/eu\/author\/francisco-javier\/"}]}},"_links":{"self":[{"href":"https:\/\/www.albergueplazacatedral.com\/eu\/wp-json\/wp\/v2\/posts\/517","targetHints":{"allow":["GET"]}}],"collection":[{"href":"https:\/\/www.albergueplazacatedral.com\/eu\/wp-json\/wp\/v2\/posts"}],"about":[{"href":"https:\/\/www.albergueplazacatedral.com\/eu\/wp-json\/wp\/v2\/types\/post"}],"author":[{"embeddable":true,"href":"https:\/\/www.albergueplazacatedral.com\/eu\/wp-json\/wp\/v2\/users\/2"}],"replies":[{"embeddable":true,"href":"https:\/\/www.albergueplazacatedral.com\/eu\/wp-json\/wp\/v2\/comments?post=517"}],"version-history":[{"count":0,"href":"https:\/\/www.albergueplazacatedral.com\/eu\/wp-json\/wp\/v2\/posts\/517\/revisions"}],"wp:featuredmedia":[{"embeddable":true,"href":"https:\/\/www.albergueplazacatedral.com\/eu\/wp-json\/wp\/v2\/media\/3477"}],"wp:attachment":[{"href":"https:\/\/www.albergueplazacatedral.com\/eu\/wp-json\/wp\/v2\/media?parent=517"}],"wp:term":[{"taxonomy":"category","embeddable":true,"href":"https:\/\/www.albergueplazacatedral.com\/eu\/wp-json\/wp\/v2\/categories?post=517"},{"taxonomy":"post_tag","embeddable":true,"href":"https:\/\/www.albergueplazacatedral.com\/eu\/wp-json\/wp\/v2\/tags?post=517"}],"curies":[{"name":"wp","href":"https:\/\/api.w.org\/{rel}","templated":true}]}}